{"id":95,"date":"2018-04-05T13:20:08","date_gmt":"2018-04-05T11:20:08","guid":{"rendered":"http:\/\/parr78.fr\/Wpress\/?p=95"},"modified":"2019-01-29T13:37:48","modified_gmt":"2019-01-29T12:37:48","slug":"conference-de-bernard-delattre","status":"publish","type":"post","link":"https:\/\/parr78.fr\/Wpress\/conference-de-bernard-delattre\/","title":{"rendered":"Conf\u00e9rence de Bernard Delattre"},"content":{"rendered":"\t\t<div data-elementor-type=\"wp-post\" data-elementor-id=\"95\" class=\"elementor elementor-95 elementor-bc-flex-widget\">\n\t\t\t\t\t\t<section class=\"elementor-section elementor-top-section elementor-element elementor-element-0693b35 elementor-section-boxed elementor-section-height-default elementor-section-height-default\" data-id=\"0693b35\" data-element_type=\"section\" data-e-type=\"section\">\n\t\t\t\t\t\t<div class=\"elementor-container elementor-column-gap-default\">\n\t\t\t\t\t<div class=\"elementor-column elementor-col-50 elementor-top-column elementor-element elementor-element-bee71e4\" data-id=\"bee71e4\" data-element_type=\"column\" data-e-type=\"column\">\n\t\t\t<div class=\"elementor-widget-wrap elementor-element-populated\">\n\t\t\t\t\t\t<div class=\"elementor-element elementor-element-ffcfa1d elementor-widget elementor-widget-image\" data-id=\"ffcfa1d\" data-element_type=\"widget\" data-e-type=\"widget\" data-widget_type=\"image.default\">\n\t\t\t\t<div class=\"elementor-widget-container\">\n\t\t\t\t\t\t\t\t\t\t\t\t\t\t\t<img fetchpriority=\"high\" decoding=\"async\" width=\"657\" height=\"435\" src=\"https:\/\/parr78.fr\/Wpress\/wp-content\/uploads\/2018\/11\/delattre2-1.jpeg\" class=\"attachment-large size-large wp-image-97\" alt=\"une conf\u00e9rence de Bernard Delattre, PARR Rambouillet\" srcset=\"https:\/\/parr78.fr\/Wpress\/wp-content\/uploads\/2018\/11\/delattre2-1.jpeg 657w, https:\/\/parr78.fr\/Wpress\/wp-content\/uploads\/2018\/11\/delattre2-1-300x199.jpeg 300w\" sizes=\"(max-width: 657px) 100vw, 657px\" \/>\t\t\t\t\t\t\t\t\t\t\t\t\t\t\t<\/div>\n\t\t\t\t<\/div>\n\t\t\t\t\t<\/div>\n\t\t<\/div>\n\t\t\t\t<div class=\"elementor-column elementor-col-50 elementor-top-column elementor-element elementor-element-dbecfc5\" data-id=\"dbecfc5\" data-element_type=\"column\" data-e-type=\"column\">\n\t\t\t<div class=\"elementor-widget-wrap\">\n\t\t\t\t\t\t\t<\/div>\n\t\t<\/div>\n\t\t\t\t\t<\/div>\n\t\t<\/section>\n\t\t\t\t<section class=\"elementor-section elementor-top-section elementor-element elementor-element-8097dbd elementor-section-boxed elementor-section-height-default elementor-section-height-default\" data-id=\"8097dbd\" data-element_type=\"section\" data-e-type=\"section\">\n\t\t\t\t\t\t<div class=\"elementor-container elementor-column-gap-default\">\n\t\t\t\t\t<div class=\"elementor-column elementor-col-100 elementor-top-column elementor-element elementor-element-a284efa\" data-id=\"a284efa\" data-element_type=\"column\" data-e-type=\"column\">\n\t\t\t<div class=\"elementor-widget-wrap elementor-element-populated\">\n\t\t\t\t\t\t<div class=\"elementor-element elementor-element-f04b6c5 elementor-widget elementor-widget-text-editor\" data-id=\"f04b6c5\" data-element_type=\"widget\" data-e-type=\"widget\" data-widget_type=\"text-editor.default\">\n\t\t\t\t<div class=\"elementor-widget-container\">\n\t\t\t\t\t\t\t\t\t<p>L\u2019association PARR a accueilli le 5 avril \u00e0 la Lanterne Bernard Delattre qui fut journaliste \u00e0 Rambouillet pendant pr\u00e8s de 40 ans, \u00e0 l\u2019Echo R\u00e9publicain de 1977 \u00e0 1981 et aux Nouvelles de 1981 \u00e0 2013, pour nous parler de notre ville.<br \/>Apr\u00e8s un parall\u00e8le avec la ville d\u2019Autun o\u00f9 il a pass\u00e9 sa jeunesse, il a fait vivre devant nous notre ville qui \u00ab\u00a0est rest\u00e9e un gros village\u00a0\u00bb o\u00f9 les contacts sont faciles, la vie associative intense et les f\u00eates populaires anim\u00e9es.<br \/>Bien entendu, il a tenu tout d\u2019abord \u00e0 souligner le r\u00f4le tr\u00e8s important de Jacqueline Thome-Paten\u00f4tre et de G\u00e9rard Larcher, deux maires \u00ab\u00a0d\u2019ob\u00e9dience nationale\u00a0\u00bb qui ont su favoriser le dynamisme de Rambouillet tout en prot\u00e9geant la qualit\u00e9 de vie locale. <br \/>Puis il a, en plusieurs chapitres, abord\u00e9 les domaines essentiels de cette histoire qu\u2019il a partag\u00e9e avec les Rambolitains pendant 40 ans.<\/p><ul><li>La protection du patrimoine architectural et urbain, rendant hommage \u00e0 l\u2019occasion au travail de la Savre et de PARR et citant notamment la r\u00e9novation du Relais su Ch\u00e2teau, celle du Palais du Roi de Rome et la sauvegarde de La Chapelle de l\u2019H\u00f4pital.<\/li><li>Les traditions pr\u00e9serv\u00e9es: la f\u00eate du Muguet qui du temps de Jacqueline Thome-Paten\u00f4tre voyait \u00ab\u00a0la reine du muguet couronn\u00e9e par une vedette comme Claude Fran\u00e7ois\u00a0\u00bb et qui reste un rendez-vous annuel tr\u00e8s populaire avec son corso de chars fleuris. La tradition de la chasse, et m\u00eame la chasse \u00e0 courre, qui a permis l\u2019implantation de la Ficevy \u00e0 Rambouillet. Il \u00e9voque aussi la Saint Lubin et les 24 tours automobiles.<\/li><li>Le d\u00e9veloppement \u00e9conomique qui a vu s\u2019installer \u00e0 Rambouillet de grandes entreprises comme La Radiotechnique, Roja-Garnier et R\u00e9hau, mais aussi de nombreuses PME qui permettent \u00e0 Rambouillet d\u2019avoir un faible taux de ch\u00f4mage.<\/li><li>Les logements sociaux lanc\u00e9s aussi bien par Jacqueline Thom-Paten\u00f4tre que par G\u00e9rard Larcher, pour cr\u00e9er cette mixit\u00e9 sociale \u00e0 laquelle ils tenaient tous les deux.<\/li><li>Un centre hospitalier modernis\u00e9 et une ville ouverte aux \u00e9tudiants (lyc\u00e9e professionnel et IUT)<\/li><li>Une ville sportive connue pour son semi-marathon et son hippodrome ouvert aux courses d\u2019endurance<\/li><li>Des activit\u00e9s culturelles renforc\u00e9es par la construction de la Lanterne<\/li><\/ul><p>Enfin en conclusion Bernard Delattre nous a rappel\u00e9 les grands \u00e9v\u00e8nements qu\u2019il a vus se d\u00e9rouler au cours de ces 40 ann\u00e9es et dont il a pu assurer le reportage: la venue de Khadafi, l\u2019accueil de Poutine, la visite de Sarkozy \u00e0 l\u2019h\u00f4pital, le sommet du Kosovo, le retour \u00e0 Clairefontaine de l\u2019\u00e9quipe de France vainqueur du mondial de 1998, la temp\u00eate historique de 1999\u2026<br \/><br \/>40 ann\u00e9es tr\u00e8s riches dont tous les pr\u00e9sents ont aim\u00e9 entendre l\u2019\u00e9vocation. <\/p>\t\t\t\t\t\t\t\t<\/div>\n\t\t\t\t<\/div>\n\t\t\t\t\t<\/div>\n\t\t<\/div>\n\t\t\t\t\t<\/div>\n\t\t<\/section>\n\t\t\t\t<\/div>\n\t\t","protected":false},"excerpt":{"rendered":"<p>L\u2019association PARR a accueilli le 5 avril \u00e0 la Lanterne Bernard Delattre qui fut journaliste \u00e0 Rambouillet pendant pr\u00e8s de 40 ans, \u00e0 l\u2019Echo R\u00e9publicain de 1977 \u00e0 1981 et aux Nouvelles de 1981 \u00e0 2013, pour nous parler de notre ville.Apr\u00e8s un parall\u00e8le avec la ville d\u2019Autun o\u00f9 il a pass\u00e9 sa jeunesse, il [&hellip;]<\/p>\n","protected":false},"author":1,"featured_media":97,"comment_status":"closed","ping_status":"closed","sticky":false,"template":"","format":"standard","meta":{"ocean_post_layout":"","ocean_both_sidebars_style":"","ocean_both_sidebars_content_width":0,"ocean_both_sidebars_sidebars_width":0,"ocean_sidebar":"0","ocean_second_sidebar":"0","ocean_disable_margins":"enable","ocean_add_body_class":"","ocean_shortcode_before_top_bar":"","ocean_shortcode_after_top_bar":"","ocean_shortcode_before_header":"","ocean_shortcode_after_header":"","ocean_has_shortcode":"","ocean_shortcode_after_title":"","ocean_shortcode_before_footer_widgets":"","ocean_shortcode_after_footer_widgets":"","ocean_shortcode_before_footer_bottom":"","ocean_shortcode_after_footer_bottom":"","ocean_display_top_bar":"default","ocean_display_header":"default","ocean_header_style":"","ocean_center_header_left_menu":"0","ocean_custom_header_template":"0","ocean_custom_logo":0,"ocean_custom_retina_logo":0,"ocean_custom_logo_max_width":0,"ocean_custom_logo_tablet_max_width":0,"ocean_custom_logo_mobile_max_width":0,"ocean_custom_logo_max_height":0,"ocean_custom_logo_tablet_max_height":0,"ocean_custom_logo_mobile_max_height":0,"ocean_header_custom_menu":"0","ocean_menu_typo_font_family":"0","ocean_menu_typo_font_subset":"","ocean_menu_typo_font_size":0,"ocean_menu_typo_font_size_tablet":0,"ocean_menu_typo_font_size_mobile":0,"ocean_menu_typo_font_size_unit":"px","ocean_menu_typo_font_weight":"","ocean_menu_typo_font_weight_tablet":"","ocean_menu_typo_font_weight_mobile":"","ocean_menu_typo_transform":"","ocean_menu_typo_transform_tablet":"","ocean_menu_typo_transform_mobile":"","ocean_menu_typo_line_height":0,"ocean_menu_typo_line_height_tablet":0,"ocean_menu_typo_line_height_mobile":0,"ocean_menu_typo_line_height_unit":"","ocean_menu_typo_spacing":0,"ocean_menu_typo_spacing_tablet":0,"ocean_menu_typo_spacing_mobile":0,"ocean_menu_typo_spacing_unit":"","ocean_menu_link_color":"","ocean_menu_link_color_hover":"","ocean_menu_link_color_active":"","ocean_menu_link_background":"","ocean_menu_link_hover_background":"","ocean_menu_link_active_background":"","ocean_menu_social_links_bg":"","ocean_menu_social_hover_links_bg":"","ocean_menu_social_links_color":"","ocean_menu_social_hover_links_color":"","ocean_disable_title":"default","ocean_disable_heading":"default","ocean_post_title":"","ocean_post_subheading":"","ocean_post_title_style":"","ocean_post_title_background_color":"","ocean_post_title_background":0,"ocean_post_title_bg_image_position":"","ocean_post_title_bg_image_attachment":"","ocean_post_title_bg_image_repeat":"","ocean_post_title_bg_image_size":"","ocean_post_title_height":0,"ocean_post_title_bg_overlay":0.5,"ocean_post_title_bg_overlay_color":"","ocean_disable_breadcrumbs":"default","ocean_breadcrumbs_color":"","ocean_breadcrumbs_separator_color":"","ocean_breadcrumbs_links_color":"","ocean_breadcrumbs_links_hover_color":"","ocean_display_footer_widgets":"default","ocean_display_footer_bottom":"default","ocean_custom_footer_template":"0","ocean_post_oembed":"","ocean_post_self_hosted_media":"","ocean_post_video_embed":"","ocean_link_format":"","ocean_link_format_target":"self","ocean_quote_format":"","ocean_quote_format_link":"post","ocean_gallery_link_images":"off","ocean_gallery_id":[],"footnotes":""},"categories":[5,13],"tags":[],"class_list":["post-95","post","type-post","status-publish","format-standard","has-post-thumbnail","hentry","category-conferences","category-tous-nos-articles","entry","has-media"],"rttpg_featured_image_url":{"full":["https:\/\/parr78.fr\/Wpress\/wp-content\/uploads\/2018\/11\/delattre2-1.jpeg",657,435,false],"landscape":["https:\/\/parr78.fr\/Wpress\/wp-content\/uploads\/2018\/11\/delattre2-1.jpeg",657,435,false],"portraits":["https:\/\/parr78.fr\/Wpress\/wp-content\/uploads\/2018\/11\/delattre2-1.jpeg",657,435,false],"thumbnail":["https:\/\/parr78.fr\/Wpress\/wp-content\/uploads\/2018\/11\/delattre2-1-150x150.jpeg",150,150,true],"medium":["https:\/\/parr78.fr\/Wpress\/wp-content\/uploads\/2018\/11\/delattre2-1-300x199.jpeg",300,199,true],"large":["https:\/\/parr78.fr\/Wpress\/wp-content\/uploads\/2018\/11\/delattre2-1.jpeg",657,435,false],"1536x1536":["https:\/\/parr78.fr\/Wpress\/wp-content\/uploads\/2018\/11\/delattre2-1.jpeg",657,435,false],"2048x2048":["https:\/\/parr78.fr\/Wpress\/wp-content\/uploads\/2018\/11\/delattre2-1.jpeg",657,435,false],"ocean-thumb-m":["https:\/\/parr78.fr\/Wpress\/wp-content\/uploads\/2018\/11\/delattre2-1.jpeg",600,397,false],"ocean-thumb-ml":["https:\/\/parr78.fr\/Wpress\/wp-content\/uploads\/2018\/11\/delattre2-1.jpeg",657,435,false],"ocean-thumb-l":["https:\/\/parr78.fr\/Wpress\/wp-content\/uploads\/2018\/11\/delattre2-1.jpeg",657,435,false]},"rttpg_author":{"display_name":"christian","author_link":"https:\/\/parr78.fr\/Wpress\/author\/christian\/"},"rttpg_comment":0,"rttpg_category":"<a href=\"https:\/\/parr78.fr\/Wpress\/category\/conferences\/\" rel=\"category tag\">1 - Conf\u00e9rences<\/a> <a href=\"https:\/\/parr78.fr\/Wpress\/category\/tous-nos-articles\/\" rel=\"category tag\">Retrouvez ici, la totalit\u00e9 de nos articles<\/a>","rttpg_excerpt":"L\u2019association PARR a accueilli le 5 avril \u00e0 la Lanterne Bernard Delattre qui fut journaliste \u00e0 Rambouillet pendant pr\u00e8s de 40 ans, \u00e0 l\u2019Echo R\u00e9publicain de 1977 \u00e0 1981 et aux Nouvelles de 1981 \u00e0 2013, pour nous parler de notre ville.Apr\u00e8s un parall\u00e8le avec la ville d\u2019Autun o\u00f9 il a pass\u00e9 sa jeunesse, il\u2026","_links":{"self":[{"href":"https:\/\/parr78.fr\/Wpress\/wp-json\/wp\/v2\/posts\/95","targetHints":{"allow":["GET"]}}],"collection":[{"href":"https:\/\/parr78.fr\/Wpress\/wp-json\/wp\/v2\/posts"}],"about":[{"href":"https:\/\/parr78.fr\/Wpress\/wp-json\/wp\/v2\/types\/post"}],"author":[{"embeddable":true,"href":"https:\/\/parr78.fr\/Wpress\/wp-json\/wp\/v2\/users\/1"}],"replies":[{"embeddable":true,"href":"https:\/\/parr78.fr\/Wpress\/wp-json\/wp\/v2\/comments?post=95"}],"version-history":[{"count":4,"href":"https:\/\/parr78.fr\/Wpress\/wp-json\/wp\/v2\/posts\/95\/revisions"}],"predecessor-version":[{"id":834,"href":"https:\/\/parr78.fr\/Wpress\/wp-json\/wp\/v2\/posts\/95\/revisions\/834"}],"wp:featuredmedia":[{"embeddable":true,"href":"https:\/\/parr78.fr\/Wpress\/wp-json\/wp\/v2\/media\/97"}],"wp:attachment":[{"href":"https:\/\/parr78.fr\/Wpress\/wp-json\/wp\/v2\/media?parent=95"}],"wp:term":[{"taxonomy":"category","embeddable":true,"href":"https:\/\/parr78.fr\/Wpress\/wp-json\/wp\/v2\/categories?post=95"},{"taxonomy":"post_tag","embeddable":true,"href":"https:\/\/parr78.fr\/Wpress\/wp-json\/wp\/v2\/tags?post=95"}],"curies":[{"name":"wp","href":"https:\/\/api.w.org\/{rel}","templated":true}]}}