{"id":4605,"date":"2026-05-01T18:27:05","date_gmt":"2026-05-01T16:27:05","guid":{"rendered":"https:\/\/parr78.fr\/Wpress\/?p=4605"},"modified":"2026-05-01T18:27:06","modified_gmt":"2026-05-01T16:27:06","slug":"visite-de-la-nouvelle-station-depuration-de-la-gueville","status":"publish","type":"post","link":"https:\/\/parr78.fr\/Wpress\/visite-de-la-nouvelle-station-depuration-de-la-gueville\/","title":{"rendered":"VISITE DE LA NOUVELLE STATION D\u2019EPURATION DE LA GUEVILLE."},"content":{"rendered":"<div class=\"wp-block-image\">\n<figure class=\"aligncenter size-full is-resized\"><img fetchpriority=\"high\" decoding=\"async\" width=\"657\" height=\"342\" src=\"https:\/\/parr78.fr\/Wpress\/wp-content\/uploads\/2026\/05\/image.png\" alt=\"\" class=\"wp-image-4608\" style=\"width:273px;height:auto\" srcset=\"https:\/\/parr78.fr\/Wpress\/wp-content\/uploads\/2026\/05\/image.png 657w, https:\/\/parr78.fr\/Wpress\/wp-content\/uploads\/2026\/05\/image-300x156.png 300w\" sizes=\"(max-width: 657px) 100vw, 657px\" \/><\/figure>\n<\/div>\n\n\n<p class=\"has-text-align-center\"><em>Vue d&rsquo;ensemble de la station.<\/em><\/p>\n\n\n\n<p>A l\u2019invitation de Monsieur Thierry CONVERT, Maire de Poigny-La-For\u00eat et Vice-Pr\u00e9sident de la Communaut\u00e9 d\u2019Agglom\u00e9ration Rambouillet Territoires (CART) en charge de l\u2019Eau et de l\u2019Assainissement collectif, une vingtaine d\u2019adh\u00e9rents de PARR s\u2019est donn\u00e9e rendez-vous ce mercredi 22 avril, entre Rambouillet et Gazeran le long de la RD 906, pour d\u00e9couvrir la nouvelle station d\u2019\u00e9puration (STEP) de la Gu\u00e9ville.<\/p>\n\n\n<div class=\"wp-block-image\">\n<figure class=\"aligncenter size-large is-resized\"><img decoding=\"async\" width=\"1024\" height=\"768\" data-src=\"https:\/\/parr78.fr\/Wpress\/wp-content\/uploads\/2026\/05\/image-1-1024x768.png\" alt=\"\" class=\"wp-image-4611 lazyload\" style=\"--smush-placeholder-width: 1024px; --smush-placeholder-aspect-ratio: 1024\/768;width:204px;height:auto\" data-srcset=\"https:\/\/parr78.fr\/Wpress\/wp-content\/uploads\/2026\/05\/image-1-1024x768.png 1024w, https:\/\/parr78.fr\/Wpress\/wp-content\/uploads\/2026\/05\/image-1-300x225.png 300w, https:\/\/parr78.fr\/Wpress\/wp-content\/uploads\/2026\/05\/image-1-768x576.png 768w, https:\/\/parr78.fr\/Wpress\/wp-content\/uploads\/2026\/05\/image-1-1536x1152.png 1536w, https:\/\/parr78.fr\/Wpress\/wp-content\/uploads\/2026\/05\/image-1.png 2048w\" data-sizes=\"(max-width: 1024px) 100vw, 1024px\" src=\"data:image\/svg+xml;base64,PHN2ZyB3aWR0aD0iMSIgaGVpZ2h0PSIxIiB4bWxucz0iaHR0cDovL3d3dy53My5vcmcvMjAwMC9zdmciPjwvc3ZnPg==\" \/><\/figure>\n<\/div>\n\n\n<p class=\"has-text-align-center\">Les adh\u00e9rents de PARR.<\/p>\n\n\n\n<p>Deux \u00e9l\u00e9ments, les aspects architecturaux et le fonctionnement technique de cet \u00e9quipement, nous ont amen\u00e9 \u00e0 proposer cette visite particuli\u00e8re et int\u00e9ressante.<\/p>\n\n\n\n<p>Nous remercions en premier lieu Monsieur CONVERT pour sa pr\u00e9sence tout au long de notre cheminement au sein de la STEP mais \u00e9galement pour avoir mis \u00e0 notre disposition Madame BRINSTER (Ing\u00e9nieur en charge des comp\u00e9tences Eau et Assainissement de la CART), Monsieur LUROT (repr\u00e9sentant la St\u00e9 VEOLIA, d\u00e9l\u00e9gataire du service public et par cons\u00e9quent acteur au quotidien du fonctionnement de la STEP) ainsi que Monsieur VERMES (repr\u00e9sentant de la St\u00e9 OTV, constructeur de la STEP).<\/p>\n\n\n\n<p>La station d\u2019\u00e9puration g\u00e9r\u00e9e \u00e0 l\u2019origine de sa construction de mani\u00e8re intercommunale par un SIVOM, puis le Syndicat Intercommunal de la R\u00e9gion de Rambouillet (SIRR) et d\u00e9sormais par la Communaut\u00e9 d\u2019Agglom\u00e9ration Rambouillet Territoires (CART), est situ\u00e9e sur la commune de Gazeran. Elle traite historiquement les eaux us\u00e9es de Vieille Eglise en Yvelines, de Gazeran et de Rambouillet. Cette infrastructure poss\u00e8de une capacit\u00e9 de traitement pour environ 40.000 \u00ab&nbsp;\u00e9quivalent\/habitants&nbsp;\u00bb (E.H), consid\u00e9rant que dans la configuration actuelle, environ 30.000 habitants envoient leurs eaux us\u00e9es vers la station.<\/p>\n\n\n\n<p>La premi\u00e8re station de traitement des eaux us\u00e9es de la Gu\u00e9ville, situ\u00e9e \u00e0 l\u2019endroit actuel \u00e0 proximit\u00e9 de la source de la rivi\u00e8re Gu\u00e9ville, date des ann\u00e9es 1970&nbsp;; elle avait comme particularit\u00e9 une importante emprise au sol malgr\u00e9 un espace contraint de par sa situation enclav\u00e9e entre la RD 906, la parc du Domaine de Rambouillet et une propri\u00e9t\u00e9 priv\u00e9e avec pr\u00e9sence de bois et plaine cultiv\u00e9e.<\/p>\n\n\n\n<p>La technique de traitement des eaux us\u00e9es de l\u2019\u00e9poque n\u00e9cessitait de nombreux et larges bassins principalement circulaires.<\/p>\n\n\n\n<p>En 1992, la configuration des lieux, l\u2019obsolescence de la technique utilis\u00e9e \u00e0 l\u2019\u00e9poque, ainsi que les exigences normatives, ont amen\u00e9 les responsables \u00e0 engager des travaux importants d\u2019extension permettant \u00e9galement l\u2019utilisation de process \u00e0 l\u2019\u00e9poque novateurs.<\/p>\n\n\n\n<p>R\u00e9pondre \u00e0 la r\u00e9glementation contraignante certes, mais aussi \u00ab&nbsp;juste et salutaire pour en faire un mod\u00e8le de transition \u00e9cologique&nbsp;\u00bb (Thomas GOURLAN, ancien pr\u00e9sident de la CART), en \u00e9volution permanente, c\u2019est donc aujourd\u2019hui une des r\u00e9alisations de traitement des eaux us\u00e9es les plus importantes des Yvelines, g\u00e9rant trois communes, qui a \u00e9t\u00e9 construite ces derni\u00e8res ann\u00e9es.<\/p>\n\n\n\n<p>La plus importante des probl\u00e9matiques concerne l\u2019absorption des eaux d\u2019orages, perturbateurs lorsque qu\u2019elles convergent rapidement via les canalisations des trois communes vers la station. Une de ces canalisations, passant sous la RD906, a \u00e9t\u00e9 refaite des travaux de la station et son diam\u00e8tre est d\u00e9sormais de 2 m\u00e8tres.<\/p>\n\n\n\n<p><strong>CREATION D\u2019UN BASSIN D\u2019ORAGE\u2026<\/strong><\/p>\n\n\n\n<p>Un des enjeux de la reconstruction de la STEP a \u00e9t\u00e9 de se stocker au maximum les eaux us\u00e9es gonfl\u00e9es par les eaux pluviales qui d\u00e9ferlent en fonction des pr\u00e9cipitations.<\/p>\n\n\n\n<p>Un bassin d\u2019orage a \u00e9t\u00e9 construit sous la nouvelle station, enterr\u00e9 \u00e0 plusieurs dizaines de m\u00e8tres, d\u2019une capacit\u00e9 d\u2019environ 7.000 m3. Celui-ci est associ\u00e9 \u00e0 un autre bassin d\u2019orage de 6.000 m3 construit en 2024 rue Vernes dans le quartier de Grousay.<\/p>\n\n\n\n<p><strong>DECHETS PUIS BOUES EVACUEES ET TRANSFORMEES\u2026<\/strong><\/p>\n\n\n\n<p>(consulter en annexe le sch\u00e9ma expliquant l\u2019ensemble du process de la nouvelle STEP)<\/p>\n\n\n\n<p>Lorsque que les eaux us\u00e9es arrivent en amont de la station, il est n\u00e9cessaire de \u00ab&nbsp;filtrer&nbsp;\u00bb les plus gros d\u00e9chets&nbsp;: cartons, lingettes, feuilles, morceaux de bois\u2026 \u00e0 travers un premier d\u00e9grilleur (grossier) et les \u00e9vacuer. Dans un deuxi\u00e8me temps, il faut racler et \u00e9vacuer \u00e9galement les d\u00e9chets de plus petits calibres ainsi que les graviers. Ensuite, sables graisses passent dans un dessableur et d\u00e9shuilleur. Ces premi\u00e8res \u00e9tapes concernent le pr\u00e9traitement. Les sables lav\u00e9s r\u00e9cup\u00e9r\u00e9s lors de cette premi\u00e8re \u00e9tape pourront servir dans la composition de remblais routiers.<\/p>\n\n\n\n<p>Les eaux us\u00e9es, d\u00e9barrass\u00e9es des d\u00e9chets, poursuivent alors leur cheminement dans le d\u00e9canteur pour en extraire les boues qui seront alors r\u00e9cup\u00e9r\u00e9es pour suivre un autre circuit de traitement, par un digesteur pour y \u00eatre aval\u00e9es, avant d\u2019\u00eatre purifi\u00e9es et \u00eatre utilis\u00e9es pour se transformer en biogaz, dans l\u2019unit\u00e9 de m\u00e9thanisation pr\u00e9sente sur le site.<\/p>\n\n\n\n<p><strong>TRAITEMENT BIOLOGIQUE DANS TROIS BASSINS\u2026<\/strong><\/p>\n\n\n\n<p>L\u2019autre \u00e9l\u00e9ment fondamental de la nouvelle STEP concerne le traitement biologique des eaux us\u00e9es, trait\u00e9es avec l\u2019aide de micro-organismes de fa\u00e7on \u00e0 les d\u00e9barrasser des pollutions carbon\u00e9es et azot\u00e9es. Un d\u00e9canteur tertiaire, dans la derni\u00e8re phase, va \u00e9liminer le phosphore de l\u2019eau pour lui permettre d\u2019\u00eatre rejet\u00e9e dans le milieu naturel.<\/p>\n\n\n\n<p>Une des grandes avanc\u00e9es est sans conteste la pr\u00e9servation du milieu naturel. Le process dans son ensemble et, surtout, le traitement tertiaire permets un rejet de qualit\u00e9 et par cons\u00e9quent la pr\u00e9servation du milieu recevant les eaux trait\u00e9es de la STEP.<\/p>\n\n\n\n<p><strong>ARCHITECTURE\u2026<\/strong><\/p>\n\n\n\n<p>Un autre aspect non n\u00e9gligeable de cette nouvelle r\u00e9alisation concerne l\u2019approche architecturale de l\u2019ensemble.<\/p>\n\n\n\n<p>Les stations de traitement des eaux us\u00e9es n\u2019ont \u00e9t\u00e9, de mani\u00e8re g\u00e9n\u00e9rale et depuis des d\u00e9cennies, rarement abord\u00e9es esth\u00e9tiquement d\u2019un point de vue architectural. Elles sont tr\u00e8s souvent visibles, mais pour le moins peu attractive, et odorantes \u00e0 proximit\u00e9.<\/p>\n\n\n\n<p>Si techniquement les m\u00e9thodes de traitement ont particuli\u00e8rement \u00e9volu\u00e9es pour limiter au maximum les d\u00e9sagr\u00e9ments concernant ce dernier point (nous avons pu le constater lors de notre visite\u2026), l\u2019architecture de ces \u00ab&nbsp;usines&nbsp;\u00bb est devenue essentielle.<\/p>\n\n\n\n<p>En ce qui concerne la nouvelle STEP de la Gu\u00e9ville, le projet a \u00e9t\u00e9 confi\u00e9 au cabinet ALH Architecture (Alain LE HOUEDEC).<\/p>\n\n\n\n<p>Pour aborder ce type de projet (cet architecte s\u2019est sp\u00e9cialis\u00e9 sur la conception de ce type d\u2019infrastructure), Alain LE HOUEDEC a souhait\u00e9 int\u00e9grer les b\u00e2timents en s\u2019inspirant des grandes entit\u00e9s paysag\u00e8res qui caract\u00e9risent le site, \u00e0 savoir la for\u00eat de Rambouillet et le Parc du Ch\u00e2teau.<\/p>\n\n\n\n<p>Il pr\u00e9cise sa d\u00e9marche de la fa\u00e7on suivante (je le site)&nbsp;:<\/p>\n\n\n\n<p>\u00ab&nbsp;Les bassins de traitement, les b\u00e2timents techniques et le b\u00e2timent d\u2019exploitation sont r\u00e9unis dans une volum\u00e9trie commune de forme rectangulaire.<\/p>\n\n\n\n<p>Une passerelle couverte est implant\u00e9e au premier \u00e9tage du b\u00e2timent, afin de permettre aux exploitants de se rendre des locaux d\u2019exploitation vers les bassins de traitement. Cette passerelle est aussi utilis\u00e9e par les visiteurs pour d\u00e9couvrir les installations.<\/p>\n\n\n\n<p>Le traitement architectural du b\u00e2timent principal est obtenu par un effet de contraste entre un socle en gabions de pierres locales et des habillages en bois de m\u00e9l\u00e8ze.<\/p>\n\n\n\n<p>Les mat\u00e9riaux sont choisis pour int\u00e9grer harmonieusement les b\u00e2timents de la station d\u2019\u00e9puration dans leur environnement naturel, en \u00e9vitant toute connotation industrielle, au profit d\u2019une \u00e9criture architecturale de type \u00e9quipement public&nbsp;\u00bb<\/p>\n\n\n\n<p>Force est de constater que pour celles et ceux qui utilisent la RD906 et qui m\u00e9connaissent la pr\u00e9sence d\u2019une station de traitement d\u2019eaux us\u00e9es \u00e0 cet endroit pr\u00e9cis, il leur est difficile de d\u00e9finir l\u2019usage de ce b\u00e2timent (aucun bassin n\u2019est visible de la route). En cela, cette r\u00e9alisation architecturale est une r\u00e9ussite.<\/p>\n\n\n\n<p>Notre visite s\u2019est achev\u00e9e apr\u00e8s pratiquement deux heures d\u2019\u00e9coute, d\u2019attention et de compr\u00e9hension gr\u00e2ce \u00e0 la pr\u00e9sentation tr\u00e8s p\u00e9dagogique (mais suffisamment technique) de nos h\u00f4tes.<\/p>\n\n\n<div class=\"wp-block-image\">\n<figure class=\"aligncenter size-large is-resized\"><img decoding=\"async\" width=\"1024\" height=\"768\" data-src=\"https:\/\/parr78.fr\/Wpress\/wp-content\/uploads\/2026\/05\/image-2-1024x768.png\" alt=\"\" class=\"wp-image-4614 lazyload\" style=\"--smush-placeholder-width: 1024px; --smush-placeholder-aspect-ratio: 1024\/768;width:212px;height:auto\" data-srcset=\"https:\/\/parr78.fr\/Wpress\/wp-content\/uploads\/2026\/05\/image-2-1024x768.png 1024w, https:\/\/parr78.fr\/Wpress\/wp-content\/uploads\/2026\/05\/image-2-300x225.png 300w, https:\/\/parr78.fr\/Wpress\/wp-content\/uploads\/2026\/05\/image-2-768x576.png 768w, https:\/\/parr78.fr\/Wpress\/wp-content\/uploads\/2026\/05\/image-2-1536x1152.png 1536w, https:\/\/parr78.fr\/Wpress\/wp-content\/uploads\/2026\/05\/image-2.png 2048w\" data-sizes=\"(max-width: 1024px) 100vw, 1024px\" src=\"data:image\/svg+xml;base64,PHN2ZyB3aWR0aD0iMSIgaGVpZ2h0PSIxIiB4bWxucz0iaHR0cDovL3d3dy53My5vcmcvMjAwMC9zdmciPjwvc3ZnPg==\" \/><\/figure>\n<\/div>\n\n\n<p class=\"has-text-align-center\">L&rsquo;int\u00e9rieur du b\u00e2timent.<\/p>\n\n\n\n<p><strong>QUELQUES CHIFFRES ET INFORMATIONS EN COMPLEMENT\u2026<\/strong><\/p>\n\n\n\n<ul class=\"wp-block-list\">\n<li>Montant de l\u2019investissement&nbsp;: 40.000.000 euros<\/li>\n<\/ul>\n\n\n\n<p>Dont environ 10.000.000 euros de subventions (principalement par l\u2019Agence de l\u2019Eau et la R\u00e9gion)<\/p>\n\n\n\n<ul class=\"wp-block-list\">\n<li>La STEP traite 5 \u00e0 6000 m3\/jour d\u2019eaux us\u00e9es en temps sec<\/li>\n\n\n\n<li>La capacit\u00e9 maximale de traitement de la station est de 700 m3\/h, au-del\u00e0, les eaux sont \u00ab&nbsp;bi-pass\u00e9es*<\/li>\n\n\n\n<li>Construction de l\u2019infrastructure&nbsp;:<\/li>\n<\/ul>\n\n\n\n<p>St\u00e9 EIFFAGE pour le g\u00e9nie civil<\/p>\n\n\n\n<p>St\u00e9 OTV pour le process et les \u00e9quipements<\/p>\n\n\n\n<ul class=\"wp-block-list\">\n<li>Exploitant&nbsp;: St\u00e9 VEOLIA (d\u00e9l\u00e9gation de service public)<\/li>\n<\/ul>\n\n\n\n<p>Marc ROBERT<\/p>\n\n\n\n<p><\/p>\n","protected":false},"excerpt":{"rendered":"<p>Vue d&rsquo;ensemble de la station. A l\u2019invitation de Monsieur Thierry CONVERT, Maire de Poigny-La-For\u00eat et Vice-Pr\u00e9sident de la Communaut\u00e9 d\u2019Agglom\u00e9ration Rambouillet Territoires (CART) en charge de l\u2019Eau et de l\u2019Assainissement collectif, une vingtaine d\u2019adh\u00e9rents de PARR s\u2019est donn\u00e9e rendez-vous ce mercredi 22 avril, entre Rambouillet et Gazeran le long de la RD 906, pour d\u00e9couvrir [&hellip;]<\/p>\n","protected":false},"author":3,"featured_media":4608,"comment_status":"closed","ping_status":"closed","sticky":false,"template":"","format":"standard","meta":{"ocean_post_layout":"","ocean_both_sidebars_style":"","ocean_both_sidebars_content_width":0,"ocean_both_sidebars_sidebars_width":0,"ocean_sidebar":"","ocean_second_sidebar":"","ocean_disable_margins":"enable","ocean_add_body_class":"","ocean_shortcode_before_top_bar":"","ocean_shortcode_after_top_bar":"","ocean_shortcode_before_header":"","ocean_shortcode_after_header":"","ocean_has_shortcode":"","ocean_shortcode_after_title":"","ocean_shortcode_before_footer_widgets":"","ocean_shortcode_after_footer_widgets":"","ocean_shortcode_before_footer_bottom":"","ocean_shortcode_after_footer_bottom":"","ocean_display_top_bar":"default","ocean_display_header":"default","ocean_header_style":"","ocean_center_header_left_menu":"","ocean_custom_header_template":"","ocean_custom_logo":0,"ocean_custom_retina_logo":0,"ocean_custom_logo_max_width":0,"ocean_custom_logo_tablet_max_width":0,"ocean_custom_logo_mobile_max_width":0,"ocean_custom_logo_max_height":0,"ocean_custom_logo_tablet_max_height":0,"ocean_custom_logo_mobile_max_height":0,"ocean_header_custom_menu":"","ocean_menu_typo_font_family":"","ocean_menu_typo_font_subset":"","ocean_menu_typo_font_size":0,"ocean_menu_typo_font_size_tablet":0,"ocean_menu_typo_font_size_mobile":0,"ocean_menu_typo_font_size_unit":"px","ocean_menu_typo_font_weight":"","ocean_menu_typo_font_weight_tablet":"","ocean_menu_typo_font_weight_mobile":"","ocean_menu_typo_transform":"","ocean_menu_typo_transform_tablet":"","ocean_menu_typo_transform_mobile":"","ocean_menu_typo_line_height":0,"ocean_menu_typo_line_height_tablet":0,"ocean_menu_typo_line_height_mobile":0,"ocean_menu_typo_line_height_unit":"","ocean_menu_typo_spacing":0,"ocean_menu_typo_spacing_tablet":0,"ocean_menu_typo_spacing_mobile":0,"ocean_menu_typo_spacing_unit":"","ocean_menu_link_color":"","ocean_menu_link_color_hover":"","ocean_menu_link_color_active":"","ocean_menu_link_background":"","ocean_menu_link_hover_background":"","ocean_menu_link_active_background":"","ocean_menu_social_links_bg":"","ocean_menu_social_hover_links_bg":"","ocean_menu_social_links_color":"","ocean_menu_social_hover_links_color":"","ocean_disable_title":"default","ocean_disable_heading":"default","ocean_post_title":"","ocean_post_subheading":"","ocean_post_title_style":"","ocean_post_title_background_color":"","ocean_post_title_background":0,"ocean_post_title_bg_image_position":"","ocean_post_title_bg_image_attachment":"","ocean_post_title_bg_image_repeat":"","ocean_post_title_bg_image_size":"","ocean_post_title_height":0,"ocean_post_title_bg_overlay":0.5,"ocean_post_title_bg_overlay_color":"","ocean_disable_breadcrumbs":"default","ocean_breadcrumbs_color":"","ocean_breadcrumbs_separator_color":"","ocean_breadcrumbs_links_color":"","ocean_breadcrumbs_links_hover_color":"","ocean_display_footer_widgets":"default","ocean_display_footer_bottom":"default","ocean_custom_footer_template":"","ocean_post_oembed":"","ocean_post_self_hosted_media":"","ocean_post_video_embed":"","ocean_link_format":"","ocean_link_format_target":"self","ocean_quote_format":"","ocean_quote_format_link":"post","ocean_gallery_link_images":"on","ocean_gallery_id":[],"footnotes":""},"categories":[4],"tags":[],"class_list":["post-4605","post","type-post","status-publish","format-standard","has-post-thumbnail","hentry","category-visites","entry","has-media"],"rttpg_featured_image_url":{"full":["https:\/\/parr78.fr\/Wpress\/wp-content\/uploads\/2026\/05\/image.png",657,342,false],"landscape":["https:\/\/parr78.fr\/Wpress\/wp-content\/uploads\/2026\/05\/image.png",657,342,false],"portraits":["https:\/\/parr78.fr\/Wpress\/wp-content\/uploads\/2026\/05\/image.png",657,342,false],"thumbnail":["https:\/\/parr78.fr\/Wpress\/wp-content\/uploads\/2026\/05\/image-150x150.png",150,150,true],"medium":["https:\/\/parr78.fr\/Wpress\/wp-content\/uploads\/2026\/05\/image-300x156.png",300,156,true],"large":["https:\/\/parr78.fr\/Wpress\/wp-content\/uploads\/2026\/05\/image.png",657,342,false],"1536x1536":["https:\/\/parr78.fr\/Wpress\/wp-content\/uploads\/2026\/05\/image.png",657,342,false],"2048x2048":["https:\/\/parr78.fr\/Wpress\/wp-content\/uploads\/2026\/05\/image.png",657,342,false],"ocean-thumb-m":["https:\/\/parr78.fr\/Wpress\/wp-content\/uploads\/2026\/05\/image-600x342.png",600,342,true],"ocean-thumb-ml":["https:\/\/parr78.fr\/Wpress\/wp-content\/uploads\/2026\/05\/image.png",657,342,false],"ocean-thumb-l":["https:\/\/parr78.fr\/Wpress\/wp-content\/uploads\/2026\/05\/image.png",657,342,false]},"rttpg_author":{"display_name":"Ren\u00e9 Fisher","author_link":"https:\/\/parr78.fr\/Wpress\/author\/rene\/"},"rttpg_comment":0,"rttpg_category":"<a href=\"https:\/\/parr78.fr\/Wpress\/category\/visites\/\" rel=\"category tag\">2 - Visites<\/a>","rttpg_excerpt":"Vue d&rsquo;ensemble de la station. A l\u2019invitation de Monsieur Thierry CONVERT, Maire de Poigny-La-For\u00eat et Vice-Pr\u00e9sident de la Communaut\u00e9 d\u2019Agglom\u00e9ration Rambouillet Territoires (CART) en charge de l\u2019Eau et de l\u2019Assainissement collectif, une vingtaine d\u2019adh\u00e9rents de PARR s\u2019est donn\u00e9e rendez-vous ce mercredi 22 avril, entre Rambouillet et Gazeran le long de la RD 906, pour d\u00e9couvrir\u2026","_links":{"self":[{"href":"https:\/\/parr78.fr\/Wpress\/wp-json\/wp\/v2\/posts\/4605","targetHints":{"allow":["GET"]}}],"collection":[{"href":"https:\/\/parr78.fr\/Wpress\/wp-json\/wp\/v2\/posts"}],"about":[{"href":"https:\/\/parr78.fr\/Wpress\/wp-json\/wp\/v2\/types\/post"}],"author":[{"embeddable":true,"href":"https:\/\/parr78.fr\/Wpress\/wp-json\/wp\/v2\/users\/3"}],"replies":[{"embeddable":true,"href":"https:\/\/parr78.fr\/Wpress\/wp-json\/wp\/v2\/comments?post=4605"}],"version-history":[{"count":5,"href":"https:\/\/parr78.fr\/Wpress\/wp-json\/wp\/v2\/posts\/4605\/revisions"}],"predecessor-version":[{"id":4615,"href":"https:\/\/parr78.fr\/Wpress\/wp-json\/wp\/v2\/posts\/4605\/revisions\/4615"}],"wp:featuredmedia":[{"embeddable":true,"href":"https:\/\/parr78.fr\/Wpress\/wp-json\/wp\/v2\/media\/4608"}],"wp:attachment":[{"href":"https:\/\/parr78.fr\/Wpress\/wp-json\/wp\/v2\/media?parent=4605"}],"wp:term":[{"taxonomy":"category","embeddable":true,"href":"https:\/\/parr78.fr\/Wpress\/wp-json\/wp\/v2\/categories?post=4605"},{"taxonomy":"post_tag","embeddable":true,"href":"https:\/\/parr78.fr\/Wpress\/wp-json\/wp\/v2\/tags?post=4605"}],"curies":[{"name":"wp","href":"https:\/\/api.w.org\/{rel}","templated":true}]}}