{"id":4587,"date":"2026-04-28T18:00:31","date_gmt":"2026-04-28T16:00:31","guid":{"rendered":"https:\/\/parr78.fr\/Wpress\/?p=4587"},"modified":"2026-04-28T18:00:32","modified_gmt":"2026-04-28T16:00:32","slug":"le-vieux-moulin-2","status":"publish","type":"post","link":"https:\/\/parr78.fr\/Wpress\/le-vieux-moulin-2\/","title":{"rendered":"LE VIEUX MOULIN."},"content":{"rendered":"<div class=\"wp-block-image\">\n<figure class=\"aligncenter size-full is-resized\"><img fetchpriority=\"high\" decoding=\"async\" width=\"640\" height=\"384\" src=\"https:\/\/parr78.fr\/Wpress\/wp-content\/uploads\/2026\/04\/image-5.png\" alt=\"\" class=\"wp-image-4589\" style=\"width:218px;height:auto\" srcset=\"https:\/\/parr78.fr\/Wpress\/wp-content\/uploads\/2026\/04\/image-5.png 640w, https:\/\/parr78.fr\/Wpress\/wp-content\/uploads\/2026\/04\/image-5-300x180.png 300w\" sizes=\"(max-width: 640px) 100vw, 640px\" \/><\/figure>\n<\/div>\n\n\n<p class=\"has-text-align-center\">Le vieux Moulin en 1950.<\/p>\n\n\n\n<p>Il y a quelques semaines deux groupes d\u2019adh\u00e9rents de PARR ont pu visiter le domaine du Vieux Moulin sous la houlette de Christian Rouet qui en racont\u00e9 brillamment l\u2019histoire. Le compte-rendu de Ren\u00e9 Barberye en a repris les grandes lignes.<\/p>\n\n\n\n<p>\u00cel peut \u00eatre int\u00e9ressant pour nos adh\u00e9rents d\u2019en savoir un peu plus sur la conception de ce programme visant \u00e0 cr\u00e9er \u00e0 Rambouillet une r\u00e9sidence-services renfor\u00e7ant l\u2019offre locale de logements pour les seniors, dans un cadre exceptionnel et pas trop \u00e9loign\u00e9 du centre-ville.<\/p>\n\n\n\n<p>La municipalit\u00e9 de Rambouillet souhaitait depuis la fermeture de l\u2019Institut des Langues trouver une solution pour valoriser cet espace remarquable tout en conservant les qualit\u00e9s patrimoniales. Il \u00e9tait hors de question de c\u00e9der aux offres des promoteurs qui auraient tenu \u00e0 construire sur l\u2019ensemble du terrain. D\u00e9s le d\u00e9but PARR a&nbsp; suivi avec int\u00e9r\u00eat les \u00e9tudes dont il faisait l\u2019objet.<\/p>\n\n\n<div class=\"wp-block-image\">\n<figure class=\"aligncenter size-full is-resized\"><img decoding=\"async\" width=\"640\" height=\"444\" data-src=\"https:\/\/parr78.fr\/Wpress\/wp-content\/uploads\/2026\/04\/image-6.png\" alt=\"\" class=\"wp-image-4591 lazyload\" style=\"--smush-placeholder-width: 640px; --smush-placeholder-aspect-ratio: 640\/444;width:210px;height:auto\" data-srcset=\"https:\/\/parr78.fr\/Wpress\/wp-content\/uploads\/2026\/04\/image-6.png 640w, https:\/\/parr78.fr\/Wpress\/wp-content\/uploads\/2026\/04\/image-6-300x208.png 300w\" data-sizes=\"(max-width: 640px) 100vw, 640px\" src=\"data:image\/svg+xml;base64,PHN2ZyB3aWR0aD0iMSIgaGVpZ2h0PSIxIiB4bWxucz0iaHR0cDovL3d3dy53My5vcmcvMjAwMC9zdmciPjwvc3ZnPg==\" \/><\/figure>\n<\/div>\n\n\n<p class=\"has-text-align-center\">Implantation de l&rsquo;ensemble.<\/p>\n\n\n\n<p>Enfin, un dossier&nbsp; a \u00e9t\u00e9 d\u00e9pos\u00e9 en juillet 2019 par la soci\u00e9t\u00e9 Promeo Ile de France pr\u00e9sentant le projet de construction d\u2019une r\u00e9sidence-services et r\u00e9pondant aux principes de respect du site<\/p>\n\n\n\n<p>&#8211; conservation des b\u00e2timents remarquables tels qu\u2019ils \u00e9taient identifi\u00e9s dans le SPR<\/p>\n\n\n\n<p>&#8211; restauration de ces b\u00e2timents, fa\u00e7ades et toitures, \u00e0 l\u2019identique des mat\u00e9riaux et des couleurs et sans en modifier ni l\u2019aspect ni les volumes<\/p>\n\n\n\n<p>&#8211; conservation de tous les arbres de hautes tiges dont l\u2019\u00e9tat de sant\u00e9 le permet<\/p>\n\n\n\n<p>&#8211; pr\u00e9servation des vues, c\u2019est \u00e0 dire aucune construction plus haute que le manoir ou le masquant<\/p>\n\n\n\n<p>Le permis de construire a \u00e9t\u00e9 accept\u00e9 le 24 f\u00e9vrier 2020 peu avant le d\u00e9clenchement de l\u2019\u00e9pid\u00e9mie de Covid qui en a ralenti la mise en oeuvre.<\/p>\n\n\n\n<p>Le projet accept\u00e9 comprend les \u00e9l\u00e9ments:<\/p>\n\n\n<div class=\"wp-block-image\">\n<figure class=\"aligncenter size-full is-resized\"><img decoding=\"async\" width=\"640\" height=\"438\" data-src=\"https:\/\/parr78.fr\/Wpress\/wp-content\/uploads\/2026\/04\/image-7.png\" alt=\"\" class=\"wp-image-4593 lazyload\" style=\"--smush-placeholder-width: 640px; --smush-placeholder-aspect-ratio: 640\/438;width:197px;height:auto\" data-srcset=\"https:\/\/parr78.fr\/Wpress\/wp-content\/uploads\/2026\/04\/image-7.png 640w, https:\/\/parr78.fr\/Wpress\/wp-content\/uploads\/2026\/04\/image-7-300x205.png 300w\" data-sizes=\"(max-width: 640px) 100vw, 640px\" src=\"data:image\/svg+xml;base64,PHN2ZyB3aWR0aD0iMSIgaGVpZ2h0PSIxIiB4bWxucz0iaHR0cDovL3d3dy53My5vcmcvMjAwMC9zdmciPjwvc3ZnPg==\" \/><\/figure>\n<\/div>\n\n\n<p class=\"has-text-align-center\">Le manoir et les nouveaux b\u00e2timents.<\/p>\n\n\n\n<p>&#8211; Am\u00e9nagement des espaces collectifs dans les b\u00e2timents anciens restaur\u00e9s: dans le manoir, un restaurant ouvert aux r\u00e9sidents mais aussi aux visiteurs, espace d\u2019agr\u00e9ment avec biblioth\u00e8que, cin\u00e9ma et ateliers d\u2019activit\u00e9, espace \u00ab&nbsp;lobby&nbsp;\u00bb incluant l\u2019accueil dans le manoir; ans le pavillon Len\u00f4tre, un espace bien-\u00eatre, un espace th\u00e9rapeutique et une piscine.<\/p>\n\n\n<div class=\"wp-block-image\">\n<figure class=\"aligncenter size-full is-resized\"><img decoding=\"async\" width=\"640\" height=\"463\" data-src=\"https:\/\/parr78.fr\/Wpress\/wp-content\/uploads\/2026\/04\/image-8.png\" alt=\"\" class=\"wp-image-4596 lazyload\" style=\"--smush-placeholder-width: 640px; --smush-placeholder-aspect-ratio: 640\/463;width:206px;height:auto\" data-srcset=\"https:\/\/parr78.fr\/Wpress\/wp-content\/uploads\/2026\/04\/image-8.png 640w, https:\/\/parr78.fr\/Wpress\/wp-content\/uploads\/2026\/04\/image-8-300x217.png 300w\" data-sizes=\"(max-width: 640px) 100vw, 640px\" src=\"data:image\/svg+xml;base64,PHN2ZyB3aWR0aD0iMSIgaGVpZ2h0PSIxIiB4bWxucz0iaHR0cDovL3d3dy53My5vcmcvMjAwMC9zdmciPjwvc3ZnPg==\" \/><\/figure>\n<\/div>\n\n\n<p class=\"has-text-align-center\">Travaux sur le manoir.<\/p>\n\n\n\n<p>&#8211; Construction de deux b\u00e2timents pour l\u2019h\u00e9bergement des r\u00e9sidents. Ces deux b\u00e2timents ont \u00e9t\u00e9 positionn\u00e9s en limite de propri\u00e9t\u00e9 en tenant compte du terrain naturel, l\u2019un de deux \u00e9tages au dessus du rez-de-chauss\u00e9e de chauss\u00e9e (b\u00e2timent A sur le plan) en partie haute,\u00a0 l\u2019autre de trois \u00e0 quatre niveaux au dessus du rez-de-chauss\u00e9e (b\u00e2timent B sur le plan) mais finalement pas plus imposant compte tenu de la d\u00e9clivit\u00e9 du terrain.<\/p>\n\n\n\n<p>&nbsp; Ces deux b\u00e2timents sont en b\u00e9ton, coul\u00e9 sur place, avec toitures en terrasse paysag\u00e9es. Les murs sont recouverts d\u2019un enduit gratt\u00e9 fin de couleurs vari\u00e9es afin d\u2019\u00e9viter les effets de masse. Le menuiseries sont en PVC en teintes douces<\/p>\n\n\n\n<p>&#8211; Am\u00e9nagement de l\u2019ensemble du terrain laiss\u00e9 libre en espace paysag\u00e9 avec plantation d\u2019arbres de hautes tiges ( voir le plan d\u2019ensemble). Il n\u2019y a aucune construction pr\u00e9s du manoir qui conserve ainsi toute sa prestance.<\/p>\n\n\n\n<p>La visite a permis de constater que tous les objectifs de protection du patrimoine avaient \u00e9t\u00e9 respect\u00e9es, m\u00eames si quelques arbres ont disparu, et d\u2019admirer la qualit\u00e9 des travaux r\u00e9alis\u00e9s sur les b\u00e2timents historiques, y compris sur les b\u00e2timents annexes, notamment ceux proches de l\u2019entr\u00e9e<\/p>\n\n\n\n<p>&nbsp;&nbsp;&nbsp;&nbsp;&nbsp;&nbsp;&nbsp;&nbsp;&nbsp;&nbsp;&nbsp;&nbsp;&nbsp;&nbsp;&nbsp;&nbsp;&nbsp;&nbsp;&nbsp;&nbsp;&nbsp;&nbsp;&nbsp; &nbsp;&nbsp;&nbsp;&nbsp;&nbsp;&nbsp;&nbsp;&nbsp;&nbsp;&nbsp;&nbsp;&nbsp;&nbsp;&nbsp;&nbsp;&nbsp;&nbsp;&nbsp;&nbsp;&nbsp;&nbsp;&nbsp;&nbsp;&nbsp;&nbsp;&nbsp;&nbsp;&nbsp;&nbsp;&nbsp;&nbsp;&nbsp;&nbsp;&nbsp;&nbsp;&nbsp;&nbsp;&nbsp;&nbsp;&nbsp;&nbsp;&nbsp;&nbsp;&nbsp;&nbsp;&nbsp;&nbsp;&nbsp;&nbsp;&nbsp;&nbsp;&nbsp;&nbsp;&nbsp;Pierre-Yves Burgaud<\/p>\n","protected":false},"excerpt":{"rendered":"<p>Le vieux Moulin en 1950. Il y a quelques semaines deux groupes d\u2019adh\u00e9rents de PARR ont pu visiter le domaine du Vieux Moulin sous la houlette de Christian Rouet qui en racont\u00e9 brillamment l\u2019histoire. Le compte-rendu de Ren\u00e9 Barberye en a repris les grandes lignes. \u00cel peut \u00eatre int\u00e9ressant pour nos adh\u00e9rents d\u2019en savoir un [&hellip;]<\/p>\n","protected":false},"author":3,"featured_media":4558,"comment_status":"closed","ping_status":"closed","sticky":false,"template":"","format":"standard","meta":{"ocean_post_layout":"","ocean_both_sidebars_style":"","ocean_both_sidebars_content_width":0,"ocean_both_sidebars_sidebars_width":0,"ocean_sidebar":"","ocean_second_sidebar":"","ocean_disable_margins":"enable","ocean_add_body_class":"","ocean_shortcode_before_top_bar":"","ocean_shortcode_after_top_bar":"","ocean_shortcode_before_header":"","ocean_shortcode_after_header":"","ocean_has_shortcode":"","ocean_shortcode_after_title":"","ocean_shortcode_before_footer_widgets":"","ocean_shortcode_after_footer_widgets":"","ocean_shortcode_before_footer_bottom":"","ocean_shortcode_after_footer_bottom":"","ocean_display_top_bar":"default","ocean_display_header":"default","ocean_header_style":"","ocean_center_header_left_menu":"","ocean_custom_header_template":"","ocean_custom_logo":0,"ocean_custom_retina_logo":0,"ocean_custom_logo_max_width":0,"ocean_custom_logo_tablet_max_width":0,"ocean_custom_logo_mobile_max_width":0,"ocean_custom_logo_max_height":0,"ocean_custom_logo_tablet_max_height":0,"ocean_custom_logo_mobile_max_height":0,"ocean_header_custom_menu":"","ocean_menu_typo_font_family":"","ocean_menu_typo_font_subset":"","ocean_menu_typo_font_size":0,"ocean_menu_typo_font_size_tablet":0,"ocean_menu_typo_font_size_mobile":0,"ocean_menu_typo_font_size_unit":"px","ocean_menu_typo_font_weight":"","ocean_menu_typo_font_weight_tablet":"","ocean_menu_typo_font_weight_mobile":"","ocean_menu_typo_transform":"","ocean_menu_typo_transform_tablet":"","ocean_menu_typo_transform_mobile":"","ocean_menu_typo_line_height":0,"ocean_menu_typo_line_height_tablet":0,"ocean_menu_typo_line_height_mobile":0,"ocean_menu_typo_line_height_unit":"","ocean_menu_typo_spacing":0,"ocean_menu_typo_spacing_tablet":0,"ocean_menu_typo_spacing_mobile":0,"ocean_menu_typo_spacing_unit":"","ocean_menu_link_color":"","ocean_menu_link_color_hover":"","ocean_menu_link_color_active":"","ocean_menu_link_background":"","ocean_menu_link_hover_background":"","ocean_menu_link_active_background":"","ocean_menu_social_links_bg":"","ocean_menu_social_hover_links_bg":"","ocean_menu_social_links_color":"","ocean_menu_social_hover_links_color":"","ocean_disable_title":"default","ocean_disable_heading":"default","ocean_post_title":"","ocean_post_subheading":"","ocean_post_title_style":"","ocean_post_title_background_color":"","ocean_post_title_background":0,"ocean_post_title_bg_image_position":"","ocean_post_title_bg_image_attachment":"","ocean_post_title_bg_image_repeat":"","ocean_post_title_bg_image_size":"","ocean_post_title_height":0,"ocean_post_title_bg_overlay":0.5,"ocean_post_title_bg_overlay_color":"","ocean_disable_breadcrumbs":"default","ocean_breadcrumbs_color":"","ocean_breadcrumbs_separator_color":"","ocean_breadcrumbs_links_color":"","ocean_breadcrumbs_links_hover_color":"","ocean_display_footer_widgets":"default","ocean_display_footer_bottom":"default","ocean_custom_footer_template":"","ocean_post_oembed":"","ocean_post_self_hosted_media":"","ocean_post_video_embed":"","ocean_link_format":"","ocean_link_format_target":"self","ocean_quote_format":"","ocean_quote_format_link":"post","ocean_gallery_link_images":"on","ocean_gallery_id":[],"footnotes":""},"categories":[6],"tags":[],"class_list":["post-4587","post","type-post","status-publish","format-standard","has-post-thumbnail","hentry","category-etudes","entry","has-media"],"rttpg_featured_image_url":{"full":["https:\/\/parr78.fr\/Wpress\/wp-content\/uploads\/2026\/04\/le-vieux-moulin-en-1950.jpeg",640,384,false],"landscape":["https:\/\/parr78.fr\/Wpress\/wp-content\/uploads\/2026\/04\/le-vieux-moulin-en-1950.jpeg",640,384,false],"portraits":["https:\/\/parr78.fr\/Wpress\/wp-content\/uploads\/2026\/04\/le-vieux-moulin-en-1950.jpeg",640,384,false],"thumbnail":["https:\/\/parr78.fr\/Wpress\/wp-content\/uploads\/2026\/04\/le-vieux-moulin-en-1950-150x150.jpeg",150,150,true],"medium":["https:\/\/parr78.fr\/Wpress\/wp-content\/uploads\/2026\/04\/le-vieux-moulin-en-1950-300x180.jpeg",300,180,true],"large":["https:\/\/parr78.fr\/Wpress\/wp-content\/uploads\/2026\/04\/le-vieux-moulin-en-1950.jpeg",640,384,false],"1536x1536":["https:\/\/parr78.fr\/Wpress\/wp-content\/uploads\/2026\/04\/le-vieux-moulin-en-1950.jpeg",640,384,false],"2048x2048":["https:\/\/parr78.fr\/Wpress\/wp-content\/uploads\/2026\/04\/le-vieux-moulin-en-1950.jpeg",640,384,false],"ocean-thumb-m":["https:\/\/parr78.fr\/Wpress\/wp-content\/uploads\/2026\/04\/le-vieux-moulin-en-1950-600x384.jpeg",600,384,true],"ocean-thumb-ml":["https:\/\/parr78.fr\/Wpress\/wp-content\/uploads\/2026\/04\/le-vieux-moulin-en-1950.jpeg",640,384,false],"ocean-thumb-l":["https:\/\/parr78.fr\/Wpress\/wp-content\/uploads\/2026\/04\/le-vieux-moulin-en-1950.jpeg",640,384,false]},"rttpg_author":{"display_name":"Ren\u00e9 Fisher","author_link":"https:\/\/parr78.fr\/Wpress\/author\/rene\/"},"rttpg_comment":0,"rttpg_category":"<a href=\"https:\/\/parr78.fr\/Wpress\/category\/etudes\/\" rel=\"category tag\">3 - Dossiers\/Etudes<\/a>","rttpg_excerpt":"Le vieux Moulin en 1950. Il y a quelques semaines deux groupes d\u2019adh\u00e9rents de PARR ont pu visiter le domaine du Vieux Moulin sous la houlette de Christian Rouet qui en racont\u00e9 brillamment l\u2019histoire. Le compte-rendu de Ren\u00e9 Barberye en a repris les grandes lignes. \u00cel peut \u00eatre int\u00e9ressant pour nos adh\u00e9rents d\u2019en savoir un\u2026","_links":{"self":[{"href":"https:\/\/parr78.fr\/Wpress\/wp-json\/wp\/v2\/posts\/4587","targetHints":{"allow":["GET"]}}],"collection":[{"href":"https:\/\/parr78.fr\/Wpress\/wp-json\/wp\/v2\/posts"}],"about":[{"href":"https:\/\/parr78.fr\/Wpress\/wp-json\/wp\/v2\/types\/post"}],"author":[{"embeddable":true,"href":"https:\/\/parr78.fr\/Wpress\/wp-json\/wp\/v2\/users\/3"}],"replies":[{"embeddable":true,"href":"https:\/\/parr78.fr\/Wpress\/wp-json\/wp\/v2\/comments?post=4587"}],"version-history":[{"count":5,"href":"https:\/\/parr78.fr\/Wpress\/wp-json\/wp\/v2\/posts\/4587\/revisions"}],"predecessor-version":[{"id":4597,"href":"https:\/\/parr78.fr\/Wpress\/wp-json\/wp\/v2\/posts\/4587\/revisions\/4597"}],"wp:featuredmedia":[{"embeddable":true,"href":"https:\/\/parr78.fr\/Wpress\/wp-json\/wp\/v2\/media\/4558"}],"wp:attachment":[{"href":"https:\/\/parr78.fr\/Wpress\/wp-json\/wp\/v2\/media?parent=4587"}],"wp:term":[{"taxonomy":"category","embeddable":true,"href":"https:\/\/parr78.fr\/Wpress\/wp-json\/wp\/v2\/categories?post=4587"},{"taxonomy":"post_tag","embeddable":true,"href":"https:\/\/parr78.fr\/Wpress\/wp-json\/wp\/v2\/tags?post=4587"}],"curies":[{"name":"wp","href":"https:\/\/api.w.org\/{rel}","templated":true}]}}