{"id":4108,"date":"2024-12-09T14:43:44","date_gmt":"2024-12-09T13:43:44","guid":{"rendered":"https:\/\/parr78.fr\/Wpress\/?p=4108"},"modified":"2024-12-09T14:58:50","modified_gmt":"2024-12-09T13:58:50","slug":"4108-2","status":"publish","type":"post","link":"https:\/\/parr78.fr\/Wpress\/4108-2\/","title":{"rendered":"ABF"},"content":{"rendered":"\t\t<div data-elementor-type=\"wp-post\" data-elementor-id=\"4108\" class=\"elementor elementor-4108\">\n\t\t\t\t\t\t<section class=\"elementor-section elementor-top-section elementor-element elementor-element-3189d36f elementor-section-boxed elementor-section-height-default elementor-section-height-default\" data-id=\"3189d36f\" data-element_type=\"section\" data-e-type=\"section\">\n\t\t\t\t\t\t<div class=\"elementor-container elementor-column-gap-default\">\n\t\t\t\t\t<div class=\"elementor-column elementor-col-100 elementor-top-column elementor-element elementor-element-687b840f\" data-id=\"687b840f\" data-element_type=\"column\" data-e-type=\"column\">\n\t\t\t<div class=\"elementor-widget-wrap elementor-element-populated\">\n\t\t\t\t\t\t<div class=\"elementor-element elementor-element-678ddeb6 elementor-widget elementor-widget-text-editor\" data-id=\"678ddeb6\" data-element_type=\"widget\" data-e-type=\"widget\" data-widget_type=\"text-editor.default\">\n\t\t\t\t<div class=\"elementor-widget-container\">\n\t\t\t\t\t\t\t\t\t\n<h1 class=\"wp-block-heading\"><strong>Architectes des b\u00e2timents de France<\/strong>.<\/h1>\n\n<p>Le S\u00e9nat vient de publier un rapport d\u2019\u00e9tude sur le p\u00e9rim\u00e8tre d\u2019intervention et des comp\u00e9tences des Architectes des B\u00e2timents de France. Nous avons abord\u00e9 ce sujet lors d\u2019une de nos conf\u00e9rences le 22 f\u00e9vrier 2022 avec la contribution de B\u00e9n\u00e9dicte Lorenzetto, Architecte des B\u00e2timents de France en charge entre autres de Rambouillet.<\/p>\n\n<p>Ce rapport visait \u00e0 apporter une r\u00e9ponse aux diverses critiques formul\u00e9es notamment par des municipalit\u00e9s qui trouvent leurs avis trop rigides et entrainant souvent de fortes augmentations de co\u00fbt.<\/p>\n\n<p>Les Architectes des B\u00e2timents de France\u00a0 occupent une place centrale dans la protection du patrimoine et de la qualit\u00e9 du cadre de vie, th\u00e8mes qui sont au coeur des objectifs de notre Association. Les ABF doivent \u00eatre \u00e0 la fois censeurs et conseils. Selon le rapport du S\u00e9nat qui a conduit de nombreuses auditions, on leur reproche<\/p>\n\n<p>&#8211; la variabilit\u00e9 et le manque de pr\u00e9visibilit\u00e9 de leurs avis,, les ABF pouvant avoir en fonction de leur exp\u00e9rience et de leur sensibilit\u00e9 des avis tr\u00e8s diff\u00e9rents sur un m\u00eame dossier<\/p>\n\n<p>&#8211; leurs avis s\u2019accompagnent de prescriptions co\u00fbteuses pouvant entrainer l\u2019abandon d\u2019un projet<\/p>\n\n<p>&#8211; l\u2019absence de prise en compte de la transition \u00e9cologique.<\/p>\n\n<p>&#8211; le manque de disponibilit\u00e9 pour assurer leur r\u00f4le de conseil<\/p>\n\n<p>Le rapport \u00e9met 6 propositions d\u2019action visant \u00e0 r\u00e9pondre \u00e0 ces critiques en insistant notamment sur la n\u00e9cessit\u00e9 d\u2019\u00e9toffer les agences en rendant la fonction plus attractive et en\u00a0 hi\u00e9rarchisant les missions pour laisser plus de temps \u00e0 la concertation et au conseil.<\/p>\n\n<p>Vous pouvez trouver plus de d\u00e9tails dans le rapport complet dont le lien est donn\u00e9 ci-dessous.<\/p>\n<p><div class=\"oceanwp-oembed-wrap clr\"><blockquote class=\"wp-embedded-content\" data-secret=\"iW18E4W2q3\"><a href=\"https:\/\/parr78.fr\/Wpress\/rapport-senatorial-sur-les-architectes-des-batiments-de-france\/\">Rapport s\u00e9natorial sur les Architectes des B\u00e2timents de France.<\/a><\/blockquote><iframe class=\"wp-embedded-content lazyload\" sandbox=\"allow-scripts\" security=\"restricted\" style=\"position: absolute; clip: rect(1px, 1px, 1px, 1px);\" title=\"\u00ab\u00a0Rapport s\u00e9natorial sur les Architectes des B\u00e2timents de France.\u00a0\u00bb &#8212; PARR\" data-src=\"https:\/\/parr78.fr\/Wpress\/rapport-senatorial-sur-les-architectes-des-batiments-de-france\/embed\/#?secret=vvomakf8ll#?secret=iW18E4W2q3\" data-secret=\"iW18E4W2q3\" width=\"600\" height=\"338\" frameborder=\"0\" marginwidth=\"0\" marginheight=\"0\" scrolling=\"no\" src=\"data:image\/svg+xml;base64,PHN2ZyB3aWR0aD0iMSIgaGVpZ2h0PSIxIiB4bWxucz0iaHR0cDovL3d3dy53My5vcmcvMjAwMC9zdmciPjwvc3ZnPg==\" data-load-mode=\"1\"><\/iframe><\/div><\/p>\n\n<p>Rambouillet a la chance d\u2019avoir \u00e9tabli depuis longtemps, gr\u00e2ce \u00e0 la volont\u00e9 de nos \u00e9lus et au professionnalisme des ABF qui ont dirig\u00e9 ou dirigent aujourd\u2019hui l\u2019agence des Yvelines, un v\u00e9ritable partenariat qui r\u00e9pond en grande partie aux pr\u00e9occupations de ce rapport<\/p>\n\n<p>Rambouillet a ainsi des r\u00e9unions r\u00e9guli\u00e8res avec notre ABF aussi bien pour lui soumettre les projets d\u2019urbanisme qui lui sont pr\u00e9sent\u00e9s que pour \u00e9tudier et mettre en oeuvre les plans de protection du patrimoine.<\/p>\n\n<p>Nous avons en 2022 soulign\u00e9 deux difficult\u00e9s \u00e9voqu\u00e9es par ce rapport, l\u2019insuffisance des moyens, notamment dans un d\u00e9partement comme le n\u00f4tre si riche sur le plan patrimonial et la remise en cause de la notion d\u2019avis conforme qui fragilise la position des ABF face \u00e0 des \u00e9lus qui privil\u00e9gient d\u2019autres crit\u00e8res. Nous pouvons esp\u00e9rer que le rapport du S\u00e9nat, soutenu \u00e0 l\u2019\u00e9vidence par son Pr\u00e9sident qui a lui-m\u00eame initi\u00e9 et mis en oeuvre un v\u00e9ritable partenariat avec l\u2019ABF lorsqu\u2019il \u00e9tait maire de Rambouillet permettra d\u2019apporter des r\u00e9ponses \u00e0 ces deux interrogations<\/p>\n\n<p>Bonne lecture<\/p>\n\n<p>Pierre-Yves Burgaud\u00a0<\/p>\n\t\t\t\t\t\t\t\t<\/div>\n\t\t\t\t<\/div>\n\t\t\t\t\t<\/div>\n\t\t<\/div>\n\t\t\t\t\t<\/div>\n\t\t<\/section>\n\t\t\t\t<\/div>\n\t\t","protected":false},"excerpt":{"rendered":"<p>Architectes des b\u00e2timents de France. Le S\u00e9nat vient de publier un rapport d\u2019\u00e9tude sur le p\u00e9rim\u00e8tre d\u2019intervention et des comp\u00e9tences des Architectes des B\u00e2timents de France. Nous avons abord\u00e9 ce sujet lors d\u2019une de nos conf\u00e9rences le 22 f\u00e9vrier 2022 avec la contribution de B\u00e9n\u00e9dicte Lorenzetto, Architecte des B\u00e2timents de France en charge entre autres [&hellip;]<\/p>\n","protected":false},"author":3,"featured_media":0,"comment_status":"closed","ping_status":"closed","sticky":false,"template":"","format":"standard","meta":{"ocean_post_layout":"","ocean_both_sidebars_style":"","ocean_both_sidebars_content_width":0,"ocean_both_sidebars_sidebars_width":0,"ocean_sidebar":"0","ocean_second_sidebar":"0","ocean_disable_margins":"enable","ocean_add_body_class":"","ocean_shortcode_before_top_bar":"","ocean_shortcode_after_top_bar":"","ocean_shortcode_before_header":"","ocean_shortcode_after_header":"","ocean_has_shortcode":"","ocean_shortcode_after_title":"","ocean_shortcode_before_footer_widgets":"","ocean_shortcode_after_footer_widgets":"","ocean_shortcode_before_footer_bottom":"","ocean_shortcode_after_footer_bottom":"","ocean_display_top_bar":"default","ocean_display_header":"default","ocean_header_style":"","ocean_center_header_left_menu":"0","ocean_custom_header_template":"0","ocean_custom_logo":0,"ocean_custom_retina_logo":0,"ocean_custom_logo_max_width":0,"ocean_custom_logo_tablet_max_width":0,"ocean_custom_logo_mobile_max_width":0,"ocean_custom_logo_max_height":0,"ocean_custom_logo_tablet_max_height":0,"ocean_custom_logo_mobile_max_height":0,"ocean_header_custom_menu":"0","ocean_menu_typo_font_family":"0","ocean_menu_typo_font_subset":"","ocean_menu_typo_font_size":0,"ocean_menu_typo_font_size_tablet":0,"ocean_menu_typo_font_size_mobile":0,"ocean_menu_typo_font_size_unit":"px","ocean_menu_typo_font_weight":"","ocean_menu_typo_font_weight_tablet":"","ocean_menu_typo_font_weight_mobile":"","ocean_menu_typo_transform":"","ocean_menu_typo_transform_tablet":"","ocean_menu_typo_transform_mobile":"","ocean_menu_typo_line_height":0,"ocean_menu_typo_line_height_tablet":0,"ocean_menu_typo_line_height_mobile":0,"ocean_menu_typo_line_height_unit":"","ocean_menu_typo_spacing":0,"ocean_menu_typo_spacing_tablet":0,"ocean_menu_typo_spacing_mobile":0,"ocean_menu_typo_spacing_unit":"","ocean_menu_link_color":"","ocean_menu_link_color_hover":"","ocean_menu_link_color_active":"","ocean_menu_link_background":"","ocean_menu_link_hover_background":"","ocean_menu_link_active_background":"","ocean_menu_social_links_bg":"","ocean_menu_social_hover_links_bg":"","ocean_menu_social_links_color":"","ocean_menu_social_hover_links_color":"","ocean_disable_title":"default","ocean_disable_heading":"default","ocean_post_title":"","ocean_post_subheading":"","ocean_post_title_style":"","ocean_post_title_background_color":"","ocean_post_title_background":0,"ocean_post_title_bg_image_position":"","ocean_post_title_bg_image_attachment":"","ocean_post_title_bg_image_repeat":"","ocean_post_title_bg_image_size":"","ocean_post_title_height":0,"ocean_post_title_bg_overlay":0.5,"ocean_post_title_bg_overlay_color":"","ocean_disable_breadcrumbs":"default","ocean_breadcrumbs_color":"","ocean_breadcrumbs_separator_color":"","ocean_breadcrumbs_links_color":"","ocean_breadcrumbs_links_hover_color":"","ocean_display_footer_widgets":"default","ocean_display_footer_bottom":"default","ocean_custom_footer_template":"0","ocean_post_oembed":"","ocean_post_self_hosted_media":"","ocean_post_video_embed":"","ocean_link_format":"","ocean_link_format_target":"self","ocean_quote_format":"","ocean_quote_format_link":"post","ocean_gallery_link_images":"off","ocean_gallery_id":[],"footnotes":""},"categories":[6],"tags":[],"class_list":["post-4108","post","type-post","status-publish","format-standard","hentry","category-etudes","entry"],"rttpg_featured_image_url":null,"rttpg_author":{"display_name":"Ren\u00e9 Fisher","author_link":"https:\/\/parr78.fr\/Wpress\/author\/rene\/"},"rttpg_comment":0,"rttpg_category":"<a href=\"https:\/\/parr78.fr\/Wpress\/category\/etudes\/\" rel=\"category tag\">3 - Dossiers\/Etudes<\/a>","rttpg_excerpt":"Architectes des b\u00e2timents de France. Le S\u00e9nat vient de publier un rapport d\u2019\u00e9tude sur le p\u00e9rim\u00e8tre d\u2019intervention et des comp\u00e9tences des Architectes des B\u00e2timents de France. Nous avons abord\u00e9 ce sujet lors d\u2019une de nos conf\u00e9rences le 22 f\u00e9vrier 2022 avec la contribution de B\u00e9n\u00e9dicte Lorenzetto, Architecte des B\u00e2timents de France en charge entre autres\u2026","_links":{"self":[{"href":"https:\/\/parr78.fr\/Wpress\/wp-json\/wp\/v2\/posts\/4108","targetHints":{"allow":["GET"]}}],"collection":[{"href":"https:\/\/parr78.fr\/Wpress\/wp-json\/wp\/v2\/posts"}],"about":[{"href":"https:\/\/parr78.fr\/Wpress\/wp-json\/wp\/v2\/types\/post"}],"author":[{"embeddable":true,"href":"https:\/\/parr78.fr\/Wpress\/wp-json\/wp\/v2\/users\/3"}],"replies":[{"embeddable":true,"href":"https:\/\/parr78.fr\/Wpress\/wp-json\/wp\/v2\/comments?post=4108"}],"version-history":[{"count":11,"href":"https:\/\/parr78.fr\/Wpress\/wp-json\/wp\/v2\/posts\/4108\/revisions"}],"predecessor-version":[{"id":4122,"href":"https:\/\/parr78.fr\/Wpress\/wp-json\/wp\/v2\/posts\/4108\/revisions\/4122"}],"wp:attachment":[{"href":"https:\/\/parr78.fr\/Wpress\/wp-json\/wp\/v2\/media?parent=4108"}],"wp:term":[{"taxonomy":"category","embeddable":true,"href":"https:\/\/parr78.fr\/Wpress\/wp-json\/wp\/v2\/categories?post=4108"},{"taxonomy":"post_tag","embeddable":true,"href":"https:\/\/parr78.fr\/Wpress\/wp-json\/wp\/v2\/tags?post=4108"}],"curies":[{"name":"wp","href":"https:\/\/api.w.org\/{rel}","templated":true}]}}