{"id":3804,"date":"2024-02-07T16:25:37","date_gmt":"2024-02-07T15:25:37","guid":{"rendered":"https:\/\/parr78.fr\/Wpress\/?p=3804"},"modified":"2024-02-07T16:25:38","modified_gmt":"2024-02-07T15:25:38","slug":"dossier-gazeran","status":"publish","type":"post","link":"https:\/\/parr78.fr\/Wpress\/dossier-gazeran\/","title":{"rendered":"Dossier Gazeran"},"content":{"rendered":"\n<p><strong>GAZERAN<\/strong><\/p>\n\n\n\n<p>Le village de Gazeran s\u2019\u00e9tend sur 2850 hectares au sud-ouest de Rambouillet. Il est travers\u00e9 par la vall\u00e9e de la Gu\u00e9ville, rivi\u00e8re issue des canaux du ch\u00e2teau de Rambouillet et affluent de la Drouette. Cette vall\u00e9e sableuse est entour\u00e9e de plateaux argileux annon\u00e7ant la Beauce et d\u2019un plateau dont on a longtemps extrait la meuli\u00e8re si r\u00e9pandue dans les constructions du d\u00e9but du si\u00e8cle pass\u00e9.<\/p>\n\n\n\n<p>Si Gazeran, perch\u00e9 sur la hauteur, fut le c\u0153ur historique du village, c\u2019est le Buissonnet qui se d\u00e9veloppa le plus activement le long de la route royale, puis imp\u00e9riale 10 en attendant de devenir la RN 10, maintenant class\u00e9e CD 906.<\/p>\n\n\n\n<p>\u00a0\u00a0\u00a0\u00a0\u00a0\u00a0\u00a0\u00a0\u00a0 De nombreux hameaux font aussi partie du village\u00a0; Le G\u00e2teau, Puy Fondu, l\u2019Essart, le Bray, Gu\u00e9ville et Batonceau. Il faudrait y ajouter de nombreuses fermes isol\u00e9es dont certaines ont maintenant disparu. Subsistent les fermes de Volaille, Edvilliers, la Mare, les Mandreuses et Cutesson. <\/p>\n\n\n<div class=\"wp-block-image\">\n<figure class=\"alignright size-full\"><img decoding=\"async\" width=\"150\" height=\"150\" data-src=\"https:\/\/parr78.fr\/Wpress\/wp-content\/uploads\/2024\/02\/image-1.png\" alt=\"\" class=\"wp-image-3806 lazyload\" src=\"data:image\/svg+xml;base64,PHN2ZyB3aWR0aD0iMSIgaGVpZ2h0PSIxIiB4bWxucz0iaHR0cDovL3d3dy53My5vcmcvMjAwMC9zdmciPjwvc3ZnPg==\" style=\"--smush-placeholder-width: 150px; --smush-placeholder-aspect-ratio: 150\/150;\" \/><\/figure>\n<\/div>\n\n\n<p>\u00a0\u00a0\u00a0\u00a0\u00a0\u00a0\u00a0\u00a0\u00a0 Au lendemain de la seconde guerre mondiale, le maire, Monsieur Samett (maire de 1935 \u00e0 1977) eut l\u2019id\u00e9e d\u2019aider les jeunes du village \u00e0 construire leur maison en leur procurant des terrains \u00e0 bon march\u00e9. Ainsi le peuplement des abords de la gare o\u00f9 les lotissements successifs form\u00e8rent un nouveau complexe habit\u00e9 et un troisi\u00e8me axe de d\u00e9veloppement de la commune. En 2023, c\u2019est toujours aux abords de la gare que Gazeran c\u2019est consid\u00e9rablement d\u00e9velopp\u00e9. <em>Le Parisien<\/em>\u00a0publiait un classement des trente villes yvelinoises qui \u00ab\u00a0cumulent le plus d\u2019atouts pour ceux qui travaillent \u00e0 Paris ou \u00e0 La D\u00e9fense\u00a0\u00bb. \u00c0 la deuxi\u00e8me place de ce classement, tr\u00f4ne fi\u00e8rement le petit village de Gazeran,<\/p>\n\n\n\n<p>&nbsp;&nbsp;&nbsp;&nbsp;&nbsp;&nbsp;&nbsp;&nbsp;&nbsp; Notons encore qu\u2019une vaste surface du village fut amput\u00e9e par d\u00e9cision royale de Charles X en 1827. Elle comprenait une partie du parc de Rambouillet et tout le secteur de cette ville allant du monument am\u00e9ricain \u00e0 la rue Len\u00f4tre. Ce secteur abritait alors, autour de la ferme de la Poste, un huiti\u00e8me de la population gazeranaise. Les \u00e9lus protest\u00e8rent, mais rien n\u2019y fit. L\u2019histoire se r\u00e9p\u00e8tera&nbsp; pour l\u2019implantation du magasin Carrefour dans la zone du Bel-Air.<\/p>\n\n\n\n<p><strong>AUTOUR DU CH\u00c2TEAU<\/strong><\/p>\n\n\n\n<p>Si Gazeran n\u2019est pas cit\u00e9 dans la donation de 768 que P\u00e9pin le Bref fait aux moines de l\u2019abbaye de St-Denis, il est pourtant tr\u00e8s vraisemblable que notre village remonte aux Francs.<\/p>\n\n\n\n<p>&nbsp;&nbsp;&nbsp;&nbsp;&nbsp;&nbsp;&nbsp;&nbsp;&nbsp; D\u2019abord le nom de Gazeran est le r\u00e9sultat de l\u2019\u00e9volution du terme Wazwinganum (le lieu o\u00f9 habite Wazwing). C\u2019est l\u2019affirmation du grand m\u00e9di\u00e9viste F. Lot. De plus des travaux r\u00e9cents ont fait appara\u00eetre, sous l\u2019\u00e9glise actuelle, un \u00e9difice plus ancien, donc de l\u2019\u00e9poque carolingienne. En 1053, Amaury de Montfort confie la cure de Gazeran au prieur des b\u00e9n\u00e9dictins de Marmoutiers \u00e9tablis au prieur\u00e9 de St-Thomas \u00e0 \u00c9pernon. La seigneurie de Gazeran appartient au d\u00e9but du XI\u0364\u0364 si\u00e8cle \u00e0 la famille de Montfort. Apr\u00e8s Adeldime, premier seigneur connu, se succ\u00e8dent Simon II, Mainier I, Roger, Simon III, Simon IV (crois\u00e9 avec Saint Louis et mort de la peste en 1250), Mainier II et Simon V (mort de la m\u00eame fa\u00e7on \u00e0 Tunis en 1270).<\/p>\n\n\n\n<p>&nbsp;&nbsp;&nbsp;&nbsp;&nbsp;&nbsp;&nbsp;&nbsp;&nbsp; A la famille de Montfort succ\u00e8dent les Boulehart d\u2019\u00c9pernon, peu identifi\u00e9s et sans doute li\u00e9s aux pr\u00e9c\u00e9dents.<\/p>\n\n\n\n<p>\u00a0\u00a0\u00a0\u00a0\u00a0\u00a0\u00a0\u00a0\u00a0 En 1394, la famille Prunel\u00e9 devient \u00e0 son tour propri\u00e9taire de Gazeran par mariage. Cette famille est bien connue ici et se succ\u00e8dent Guillaume VI, jean, Guillaume VII, Fran\u00e7ois, Ren\u00e9, Andr\u00e9, Charles et Nicolas qui meurt en 1653, dernier m\u00e2le de la famille. Les armes des Prunel\u00e9 \u00ab\u00a0six annelets port\u00e9s 3, 2 et 1 d\u2019or sur champ de gueules\u00a0\u00bb, se retrouvent sur le porche du ch\u00e2teau, \u00e0 l\u2019\u00e9glise et dans le blason de Gazeran. Ce blason se retrouve encore aujourd\u2019hui sur toutes les bornes armori\u00e9es qui entourent Gazeran. Le ch\u00e2teau passe alors \u00e0 la famille de B\u00e9thune qui n\u2019en fit aucun cas et il tomba en ruines. En 1708, il fut vendu au comte de Toulouse, fils adult\u00e9rin de Louis XIV et de Madame de Montespan, devenu propri\u00e9taire du ch\u00e2teau de Rambouillet en 1705. <\/p>\n\n\n<div class=\"wp-block-image\">\n<figure class=\"alignright size-full\"><img decoding=\"async\" width=\"150\" height=\"150\" data-src=\"https:\/\/parr78.fr\/Wpress\/wp-content\/uploads\/2024\/02\/image-4.png\" alt=\"\" class=\"wp-image-3809 lazyload\" src=\"data:image\/svg+xml;base64,PHN2ZyB3aWR0aD0iMSIgaGVpZ2h0PSIxIiB4bWxucz0iaHR0cDovL3d3dy53My5vcmcvMjAwMC9zdmciPjwvc3ZnPg==\" style=\"--smush-placeholder-width: 150px; --smush-placeholder-aspect-ratio: 150\/150;\" \/><figcaption class=\"wp-element-caption\"><strong>Le porche de la tour <\/strong><\/figcaption><\/figure>\n<\/div>\n\n\n<p>Le b\u00e2timent de Gazeran en ruines devint une carri\u00e8re de pierres pour construire les communs de Rambouillet\u00a0! <\/p>\n\n\n\n<p>&nbsp;&nbsp;&nbsp;&nbsp;&nbsp;&nbsp;&nbsp;&nbsp;&nbsp; De cette forteresse de Gazeran, il ne reste qu\u2019une tour carr\u00e9e du XII\u0364\u0364&nbsp; abritant la herse et les vantaux qui servaient \u00e0 fermer la b\u00e2tisse, le tout en pierre de Gallardon est encore d\u2019un grand int\u00e9r\u00eat (fig. 1).<\/p>\n\n\n\n<p>\u00a0\u00a0\u00a0\u00a0\u00a0\u00a0\u00a0\u00a0\u00a0 Les nouveaux ma\u00eetres des lieux au lendemain de la R\u00e9volution feront construire les b\u00e2timents actuels de style pseudo Renaissance avec une tour en brique dont le go\u00fbt est plus ou moins discutable\u00a0; <\/p>\n\n\n<div class=\"wp-block-image\">\n<figure class=\"alignright size-full\"><img decoding=\"async\" width=\"150\" height=\"150\" data-src=\"https:\/\/parr78.fr\/Wpress\/wp-content\/uploads\/2024\/02\/image-8.png\" alt=\"\" class=\"wp-image-3813 lazyload\" src=\"data:image\/svg+xml;base64,PHN2ZyB3aWR0aD0iMSIgaGVpZ2h0PSIxIiB4bWxucz0iaHR0cDovL3d3dy53My5vcmcvMjAwMC9zdmciPjwvc3ZnPg==\" style=\"--smush-placeholder-width: 150px; --smush-placeholder-aspect-ratio: 150\/150;\" \/><figcaption class=\"wp-element-caption\"><strong>D\u00e9tail de la porte du pigeonnier<\/strong><\/figcaption><\/figure>\n<\/div>\n\n\n<p>\u00a0\u00a0\u00a0\u00a0\u00a0\u00a0\u00a0\u00a0\u00a0 En 1832, le domaine est coup\u00e9 en deux par un chemin communal devenu \u00ab\u00a0rue de l\u2019\u00e9glise\u00a0\u00bb laissant de l\u2019autre c\u00f4t\u00e9 un pigeonnier du XV \u0364\u0364\u00a0 (fig. 2). \u00c0 cot\u00e9 de celui-ci fut construit au d\u00e9but du XX\u0364\u0364\u00a0 \u00ab\u00a0le Castel\u00a0\u00bb, <\/p>\n\n\n\n<p>autre imitation Renaissance qui abrita avant la guerre 39\u201345 \u00ab\u00a0Miss Pearl White\u00a0\u00bb,<\/p>\n\n\n\n<p> c\u00e9l\u00e8bre vedette du cin\u00e9ma am\u00e9ricain au temps du muet et des films \u00e0 \u00e9pisodes multiples\u00a0: \u00ab\u00a0le masque aux Dents Blanches\u00a0\u00bb et \u00ab\u00a0Les myst\u00e8res de New York\u00a0\u00bb. Elle y est morte contrairement aux dires du \u00ab\u00a0Guide Bleu\u00a0\u00bb. <\/p>\n\n\n<div class=\"wp-block-image\">\n<figure class=\"alignleft size-full\"><img decoding=\"async\" width=\"150\" height=\"150\" data-src=\"https:\/\/parr78.fr\/Wpress\/wp-content\/uploads\/2024\/02\/image-9.png\" alt=\"\" class=\"wp-image-3814 lazyload\" src=\"data:image\/svg+xml;base64,PHN2ZyB3aWR0aD0iMSIgaGVpZ2h0PSIxIiB4bWxucz0iaHR0cDovL3d3dy53My5vcmcvMjAwMC9zdmciPjwvc3ZnPg==\" style=\"--smush-placeholder-width: 150px; --smush-placeholder-aspect-ratio: 150\/150;\" \/><figcaption class=\"wp-element-caption\"><strong>Le pigeonnier<\/strong><\/figcaption><\/figure>\n<\/div>\n\n\n<p>&nbsp;&nbsp;&nbsp;&nbsp;&nbsp;&nbsp;&nbsp;&nbsp;&nbsp; Enfin, un dernier ch\u00e2teau fut construit \u00e0 Gu\u00e9ville par la famille du pr\u00e9sident Sadi-Carnot toujours dans le style n\u00e9o-renaissance. Il a \u00e9t\u00e9 particuli\u00e8rement r\u00e9nov\u00e9, il y a quelques ann\u00e9es et attend des jours meilleurs.<\/p>\n\n\n\n<p><strong>L\u2019\u00c8GLISE<\/strong> <\/p>\n\n\n<div class=\"wp-block-image\">\n<figure class=\"alignright size-full\"><img decoding=\"async\" width=\"150\" height=\"150\" data-src=\"https:\/\/parr78.fr\/Wpress\/wp-content\/uploads\/2024\/02\/image-13.png\" alt=\"\" class=\"wp-image-3818 lazyload\" src=\"data:image\/svg+xml;base64,PHN2ZyB3aWR0aD0iMSIgaGVpZ2h0PSIxIiB4bWxucz0iaHR0cDovL3d3dy53My5vcmcvMjAwMC9zdmciPjwvc3ZnPg==\" style=\"--smush-placeholder-width: 150px; --smush-placeholder-aspect-ratio: 150\/150;\" \/><figcaption class=\"wp-element-caption\"><strong>Fig. 3<\/strong><\/figcaption><\/figure>\n<\/div>\n\n\n<p>    L\u2019\u00e9glise actuelle a remplac\u00e9 l\u2019\u00e9difice carolingien au XI\u0364\u00a0 puisqu\u2019elle a officiellement \u00e9t\u00e9 remise au prieur de St-Thomas en 1053. <\/p>\n\n\n\n<p>C\u2019est une \u00e9glise romane sur arcs bris\u00e9s tant pour la nef centrale du XI\u0364\u00a0 que pour les quatre nefs lat\u00e9rales datant du XVI\u0364. Seul le clocher (XII\u0364\u00a0 et XIII\u0364) est b\u00e2ti sur crois\u00e9e d\u2019ogive avec des arcs plein cintre (fig. 3).\u00a0<\/p>\n\n\n\n<p>\u00a0\u00a0\u00a0\u00a0\u00a0\u00a0\u00a0\u00a0\u00a0 La nef centrale \u00e9tait couverte en bois jusqu\u2019en 1860. Elle tombait en ruine et fut remplac\u00e9e par une vo\u00fbte en pl\u00e2tre. La r\u00e9novation totale de l\u2019\u00e9difice (1970-1990) a permis la restauration de la vo\u00fbte en bois. Cette restauration a fait dispara\u00eetre une sacristie du XVII\u0364\u00a0 qui formait une v\u00e9ritable verrue et masquait le vitrail de l\u2019Annonciation. <\/p>\n\n\n<div class=\"wp-block-image\">\n<figure class=\"alignright size-full\"><img decoding=\"async\" width=\"150\" height=\"150\" data-src=\"https:\/\/parr78.fr\/Wpress\/wp-content\/uploads\/2024\/02\/image-15.png\" alt=\"\" class=\"wp-image-3820 lazyload\" src=\"data:image\/svg+xml;base64,PHN2ZyB3aWR0aD0iMSIgaGVpZ2h0PSIxIiB4bWxucz0iaHR0cDovL3d3dy53My5vcmcvMjAwMC9zdmciPjwvc3ZnPg==\" style=\"--smush-placeholder-width: 150px; --smush-placeholder-aspect-ratio: 150\/150;\" \/><figcaption class=\"wp-element-caption\"><strong>Porte des morts<\/strong><\/figcaption><\/figure>\n<\/div>\n\n\n<p><\/p>\n\n\n\n<p>\u00a0\u00a0\u00a0\u00a0\u00a0\u00a0\u00a0\u00a0\u00a0 Les travaux ont permis de restaurer deux meurtri\u00e8res obtur\u00e9es ainsi que la \u00ab\u00a0porte des morts\u00a0\u00bb (fig. 4). <\/p>\n\n\n\n<p> Ils ont aussi permis de d\u00e9gager deux niches et deux \u00ab\u00a0piscines\u00a0\u00bb.<\/p>\n\n\n\n<p>\u00a0\u00a0\u00a0\u00a0\u00a0\u00a0\u00a0\u00a0\u00a0 Trois statues anciennes y prennent place\u00a0; une Vierge en bois (XV\u0364 -XVI\u0364)  provenant vraisemblablement d\u2019une poutre de gloire.<\/p>\n\n\n\n<p>&nbsp;&nbsp;&nbsp;&nbsp;&nbsp;&nbsp;&nbsp;&nbsp;&nbsp; Deux statues sans t\u00eate, trouv\u00e9es dans le remblai sous l\u2019ancienne sacristie, repr\u00e9sentent pour l\u2019une Saint-gilles (polychrome) et pour l\u2019autre un m\u00e9decin (C\u00f4me ou Damien). Ce sont des \u0153uvres en pierre d\u2019un beau drap\u00e9.<\/p>\n\n\n\n<p>&nbsp;&nbsp;&nbsp;&nbsp;&nbsp;&nbsp;&nbsp;&nbsp;&nbsp; Quelques vitraux anciens m\u00e9ritent un coup d\u2019\u0153il&nbsp;; trois oculus repr\u00e9sentant la Cr\u00e9ation, la Tentation et le Combat de Jacob et de l\u2019Ange et par ailleurs, un vitrail entier illustre trois \u00e9pisodes de la vie de Mo\u00efse.<\/p>\n\n\n\n<p>&nbsp;&nbsp;&nbsp;&nbsp;&nbsp;&nbsp;&nbsp;&nbsp;&nbsp; H\u00e9las, les peintures ont presque enti\u00e8rement disparu au XIX\u0364&nbsp; et l\u2019on ne trouve que deux croix de cons\u00e9cration, un tableau peu identifiable et des traces de la litre \u2018bande noire sur laquelle on peignait le blason des seigneurs d\u00e9funts).<\/p>\n\n\n\n<p>&nbsp;&nbsp;&nbsp;&nbsp;&nbsp;&nbsp;&nbsp;&nbsp;&nbsp; Deux tableaux d\u2019Augustin Francquelin (\u00e9cole de Delacroix) repr\u00e9sentant \u00ab&nbsp;le Bapt\u00eame du Christ&nbsp;\u00bb et \u00ab&nbsp;la Crucifixion&nbsp;\u00bb.<\/p>\n\n\n\n<p>&nbsp;&nbsp;&nbsp;&nbsp;&nbsp;&nbsp;&nbsp;&nbsp;&nbsp; Le chemin de croix tr\u00e8s original d\u00fb au ma\u00eetre verrier Claude Baillon, un enfant du village, est fait d\u2019un tissage symbolique en fil d\u2019Aubusson plac\u00e9 sous altuglas de fa\u00e7on \u00e0 refl\u00e9ter les vitraux et \u00e0 \u00e9clairer les murs.<\/p>\n\n\n\n<p>&nbsp;&nbsp;&nbsp;&nbsp;&nbsp;&nbsp;&nbsp;&nbsp;&nbsp; Notons enfin qu\u2019en haut de la rue de l\u2019\u00e9glise, devant l\u2019entr\u00e9e du ch\u00e2teau se trouve un calvaire dont la croix fut remise en 1879, le socle portant cette mention&nbsp;: \u00ab&nbsp;1691 \u2013 Au nom de J\u00e9sus prie pour les tr\u00e9pass\u00e9s&nbsp;\u00bb. S\u2019agit-il de d\u00e9funts nombreux dus \u00e0 la famine, \u00e0 une \u00e9pid\u00e9mie ou de victimes des loups\u2026 Le d\u00e9bat reste ouvert.<\/p>\n\n\n\n<p><strong>LES \u00c9QUIPEMENTS<\/strong><\/p>\n\n\n\n<ul class=\"wp-block-list\">\n<li><strong>La gare<\/strong><\/li>\n<\/ul>\n\n\n\n<p>Dans le plan Guizot de 1842, la ligne Paris-Chartres-Rennes fut envisag\u00e9e d\u00e8s 1845. Elle traverse Gazeran sur une distance de 6 Km et exigea la construction de deux ponts&nbsp;; celui de la Monnerie et celui de la Gaude.<\/p>\n\n\n\n<p>&nbsp;La distance Rambouillet-\u00c9pernon \u00e9tant de 13 Km, Gazeran demanda \u00e0 de multiples reprises et p\u00e9titions \u00e0 l\u2019appui, une halte. Soudain, stup\u00e9faction&nbsp;!! C\u2019est St-Hilarion qui est choisi. L\u2019appui des communes voisines (\u00c9manc\u00e9, Poigny, Hermeray, \u2026) fit changer la compagnie de l\u2019Ouest et la gare fut inaugur\u00e9e \u00e0 Gazeran le 3 juin 1900.<\/p>\n\n\n\n<p>&nbsp;&nbsp;&nbsp;&nbsp;&nbsp;&nbsp;&nbsp;&nbsp;&nbsp; Une gare de marchandises n\u00e9cessaire pour le transport des denr\u00e9es agricoles importantes et plus encore pour l\u2019usine des fours \u00e0 chaux de M. Voirin, situ\u00e9e entre Gazeran et Rambouillet, fut finalement refus\u00e9e en 1921.<\/p>\n\n\n\n<ul class=\"wp-block-list\">\n<li><strong>Le cimeti\u00e8re<\/strong><\/li>\n<\/ul>\n\n\n\n<p>Le terrain autour de l\u2019\u00e9glise fut achet\u00e9 en 1832 et pay\u00e9 par M. Blanchard dont le tombeau familial existe toujours et fut le premier \u00e9rig\u00e9.<\/p>\n\n\n\n<p>&nbsp;&nbsp;&nbsp;&nbsp;&nbsp;&nbsp;&nbsp;&nbsp;&nbsp; Le cimeti\u00e8re&nbsp; a accueilli les restes du g\u00e9n\u00e9ral Humbert&nbsp; au pass\u00e9 glorieux et transf\u00e9r\u00e9 en 1931 aux Invalides. Ce g\u00e9n\u00e9ral est n\u00e9 \u00e0 Gazeran o\u00f9 il a toujours sa place aupr\u00e8s du monument aux morts.<\/p>\n\n\n\n<p>&nbsp;&nbsp;&nbsp;&nbsp;&nbsp;&nbsp;&nbsp;&nbsp;&nbsp; Depuis quelques ann\u00e9es, un nouveau cimeti\u00e8re a d\u00fb \u00eatre ouvert, le pr\u00e9c\u00e9dent \u00e9tant totalement occup\u00e9.<\/p>\n\n\n\n<ul class=\"wp-block-list\">\n<li><strong>La poste<\/strong><\/li>\n<\/ul>\n\n\n\n<p>Demand\u00e9e en 1907, elle fut accord\u00e9e l\u2019ann\u00e9e suivante et exigea la construction d\u2019un bureau pay\u00e9 par la commune et qui existe toujours\u2026 pour longtemps, esp\u00e9rons nous, mais rien n\u2019est moins s\u00fbr.<\/p>\n\n\n\n<ul class=\"wp-block-list\">\n<li><strong>\u00c9cole et Mairie<\/strong><\/li>\n<\/ul>\n\n\n\n<p>On conna\u00eet le nom des \u00ab&nbsp;ma\u00eetres&nbsp;\u00bb (instituteurs) de Gazeran depuis 1677, gens souvent pauvres et sans grands moyens mat\u00e9riels.<\/p>\n\n\n\n<p>&nbsp;&nbsp;&nbsp;&nbsp;&nbsp;&nbsp;&nbsp;&nbsp;&nbsp; Un projet d\u2019\u00e9cole nouvelle sur l\u2019emplacement de l\u2019ancienne est \u00e9tabli en 1845, r\u00e9alis\u00e9 en 1851 et r\u00e9nov\u00e9 en 1891. C\u2019est l\u2019ancienne \u00e9cole mairie situ\u00e9e au haut de Gazeran et toujours marqu\u00e9e du sigle \u00ab&nbsp;Mairie&nbsp;\u00bb.<\/p>\n\n\n\n<p>&nbsp;&nbsp;&nbsp;&nbsp;&nbsp;&nbsp;&nbsp;&nbsp;&nbsp; La loi du 4 avril 1867 oblige \u00e0 s\u00e9parer filles et gar\u00e7ons&nbsp;: une cloison est \u00e9difi\u00e9e, mais cela ne suffit pas. En 1876 est achet\u00e9e une tr\u00e8s belle demeure du XVIII\u0364 appartenant \u00e0 M. Bizet&nbsp;: ce sera l\u2019\u00e9cole des filles (actuellement 7, rue de la Mairie). Les deux sexes sont bien s\u00e9par\u00e9s&nbsp;!<\/p>\n\n\n\n<p>&nbsp;&nbsp;&nbsp;&nbsp;&nbsp;&nbsp;&nbsp;&nbsp;&nbsp; En 1928, un terrain est achet\u00e9 \u00e0 la butte de l\u2019Orme pour y \u00e9difier une nouvelle mairie-\u00e9cole, celle-ci regroupant filles et gar\u00e7ons au grand scandale d\u2019un certain nombre. Pour bien marquer la s\u00e9paration, on parlera des \u00ab&nbsp;\u00e9coles&nbsp;\u00bb, la rue y conduisant portant d\u2019ailleurs ce nom curieux.<\/p>\n\n\n\n<p>&nbsp;&nbsp;&nbsp;&nbsp;&nbsp;&nbsp;&nbsp;&nbsp;&nbsp; Cette mairie a \u00e9t\u00e9 agrandie en 2006-2007 pour r\u00e9pondre aux besoins du temps et aussi pour faciliter l\u2019acc\u00e8s aux personnes \u00e2g\u00e9es ou handicap\u00e9es.<\/p>\n\n\n\n<ul class=\"wp-block-list\">\n<li><strong>\u00c9lectricit\u00e9\/Eau<\/strong><\/li>\n<\/ul>\n\n\n\n<p>La compagnie Ouest-lumi\u00e8re commen\u00e7a l\u2019\u00e9lectricit\u00e9 du village en 1926 et cela ne fut achev\u00e9 par EDF en 1947&nbsp;! L\u2019auteur de ces lignes apprenait ses le\u00e7ons \u00e0 la lampe \u00e0 p\u00e9trole en 1946 et cela \u00e0 30 m\u00e8tres de l\u2019\u00e9cole&nbsp;!<\/p>\n\n\n\n<p>&nbsp;&nbsp;&nbsp;&nbsp;&nbsp;&nbsp;&nbsp;&nbsp;&nbsp; L\u2019adduction d\u2019eau envisag\u00e9e en 1936 a d\u00fb \u00eatre retard\u00e9e du fait de la guerre. Adopt\u00e9e en 1954, elle fut r\u00e9alis\u00e9e en 1956. Le tout-\u00e0-l\u2019\u00e9gout suivra quelques ann\u00e9es plus tard.<\/p>\n\n\n\n<ul class=\"wp-block-list\">\n<li><strong>Salle des f\u00eates<\/strong><\/li>\n<\/ul>\n\n\n\n<p>En 1945, le maire r\u00e9cup\u00e9ra une baraque en bois qui abritait les gardes du mar\u00e9chal P\u00e9tain en 1944. Ce fut la premi\u00e8re salle des f\u00eates et elle fit un long usage accueillant les soir\u00e9es cin\u00e9matographiques, puis les spectacles des prix, de la \u00ab&nbsp;Maison des jeunes&nbsp;\u00bb\u2026.<\/p>\n\n\n\n<p>&nbsp;&nbsp;&nbsp;&nbsp;&nbsp;&nbsp;&nbsp;&nbsp;&nbsp; Ayant bien m\u00e9rit\u00e9, cette salle fut remplac\u00e9e par la salle actuelle en 1978, ce qui permet une multitude d\u2019activit\u00e9s dans tous les domaines.<\/p>\n\n\n\n<p>&nbsp;&nbsp;&nbsp;&nbsp;&nbsp;&nbsp;&nbsp;&nbsp;&nbsp; Ajoutons enfin qu\u2019en 1988, la commune acheta le domaine de la \u00ab&nbsp;Garenne&nbsp;\u00bb qui est devenu un vaste et agr\u00e9able lieu de promenade autour de l\u2019\u00e9tang aliment\u00e9 pas la Gu\u00e9ville.<\/p>\n\n\n\n<p>&nbsp;&nbsp;&nbsp;&nbsp;&nbsp;&nbsp;&nbsp;&nbsp;&nbsp; <strong>&#8211; <\/strong><strong>QUELQUES PAGES D\u2019HISTOIRE POUR FINIR.<\/strong><\/p>\n\n\n\n<p>Gazeran travers\u00e9 par la N 10 vit successivement partir en exil Napol\u00e9on Ier, puis le roi Charles X.<\/p>\n\n\n\n<p>&nbsp;&nbsp;&nbsp;&nbsp;&nbsp;&nbsp;&nbsp;&nbsp;&nbsp; La guerre de 1870-1871 co\u00fbta fort cher au village et un chemin dit \u00ab&nbsp;Chemin prussien&nbsp;\u00bb rappelle ces moments douloureux&nbsp;; il va du CD 906 au GR 1.<\/p>\n\n\n\n<p>La situation du village en 1914 est curieuse&nbsp;: pour 614 habitants, le village recense une quarantaine de commer\u00e7ants et artisans en tout genres. Les grandes surfaces et les moyens de communication ont tu\u00e9 presque toute vie locale aujourd\u2019hui.<\/p>\n\n\n\n<p>&nbsp;&nbsp;&nbsp;&nbsp;&nbsp;&nbsp;&nbsp;&nbsp;&nbsp; Ces 614 habitants pay\u00e8rent un lourd tribut \u00e0 la grande tuerie puisque 38 enfants du pays y laiss\u00e8rent leur vie. Le monument aux morts, \u0153uvre de P\u00e9ju, marbrier \u00e0 \u00c8pernon, fut inaugur\u00e9 le 9 octobre 1921. La municipalit\u00e9 f\u00e9licita alors vivement le g\u00e9n\u00e9ral Humbert, g\u00e9n\u00e9reux gazeranais, fait grand officier de la L\u00e9gion d\u2019honneur.<\/p>\n\n\n\n<p>&nbsp;&nbsp;&nbsp;&nbsp;&nbsp;&nbsp;&nbsp;&nbsp;&nbsp; En 1940, le passage de la RN 10 o\u00f9 fuyaient les fran\u00e7ais de l\u2019exode valut au village la chute d\u2019un certain nombre de bombes (18&nbsp;?) largu\u00e9es par les avions italiens et dont la plupart tomb\u00e8rent dans le parc. Certaines maisons furent ainsi bombard\u00e9es\u2026<\/p>\n\n\n\n<p>&nbsp;&nbsp;&nbsp;&nbsp;&nbsp;&nbsp;&nbsp;&nbsp;&nbsp; En mai 1944, les allemands sentant la situation se d\u00e9grader d\u00e9cid\u00e8rent de garder dans la r\u00e9gion parisienne le mar\u00e9chal P\u00e9tain qui avait quitt\u00e9 Vichy pour se rendre \u00e0 Paris et honorer les victimes des bombardements. Pour la premi\u00e8re fois depuis 1940, le mar\u00e9chal retrouvait la capitale. Il fut log\u00e9 au ch\u00e2teau de Voisins et se rendit \u00e0 l\u2019\u00e9glise de Gazeran pour la messe de la Pentec\u00f4te.<\/p>\n\n\n\n<p>\u00a0\u00a0\u00a0\u00a0\u00a0\u00a0\u00a0\u00a0\u00a0 Trois mois plus tard, le g\u00e9n\u00e9ral de Gaulle s\u2019arr\u00eatait \u00e0 Gazeran. Il se rendait \u00e0 Rambouillet d\u2019o\u00f9 il donnerait au mar\u00e9chal Leclerc l\u2019ordre de marcher sur Paris\u2026 Ainsi va l\u2019Histoire\u00a0! <\/p>\n\n\n<div class=\"wp-block-image\">\n<figure class=\"alignright size-full\"><img decoding=\"async\" width=\"150\" height=\"150\" data-src=\"https:\/\/parr78.fr\/Wpress\/wp-content\/uploads\/2024\/02\/image-16.png\" alt=\"\" class=\"wp-image-3821 lazyload\" src=\"data:image\/svg+xml;base64,PHN2ZyB3aWR0aD0iMSIgaGVpZ2h0PSIxIiB4bWxucz0iaHR0cDovL3d3dy53My5vcmcvMjAwMC9zdmciPjwvc3ZnPg==\" style=\"--smush-placeholder-width: 150px; --smush-placeholder-aspect-ratio: 150\/150;\" \/><\/figure>\n<\/div>\n\n\n<p>&nbsp;&nbsp;&nbsp;&nbsp;&nbsp;&nbsp;&nbsp;&nbsp;&nbsp; Esp\u00e9rant que ces quelques lignes inciteront ceux qui ne connaissent pas encre notre village \u00e0 venir le d\u00e9couvrir. S\u2019ils souhaitent un guide, je serai volontiers celui-ci.<\/p>\n\n\n\n<p>Texte d\u2019Alain Guyot.<\/p>\n\n\n\n<p>Dessins de Pascale Robbe-Durand.<\/p>\n","protected":false},"excerpt":{"rendered":"<p>GAZERAN Le village de Gazeran s\u2019\u00e9tend sur 2850 hectares au sud-ouest de Rambouillet. Il est travers\u00e9 par la vall\u00e9e de la Gu\u00e9ville, rivi\u00e8re issue des canaux du ch\u00e2teau de Rambouillet et affluent de la Drouette. Cette vall\u00e9e sableuse est entour\u00e9e de plateaux argileux annon\u00e7ant la Beauce et d\u2019un plateau dont on a longtemps extrait la [&hellip;]<\/p>\n","protected":false},"author":3,"featured_media":0,"comment_status":"closed","ping_status":"closed","sticky":false,"template":"","format":"standard","meta":{"ocean_post_layout":"","ocean_both_sidebars_style":"","ocean_both_sidebars_content_width":0,"ocean_both_sidebars_sidebars_width":0,"ocean_sidebar":"0","ocean_second_sidebar":"0","ocean_disable_margins":"enable","ocean_add_body_class":"","ocean_shortcode_before_top_bar":"","ocean_shortcode_after_top_bar":"","ocean_shortcode_before_header":"","ocean_shortcode_after_header":"","ocean_has_shortcode":"","ocean_shortcode_after_title":"","ocean_shortcode_before_footer_widgets":"","ocean_shortcode_after_footer_widgets":"","ocean_shortcode_before_footer_bottom":"","ocean_shortcode_after_footer_bottom":"","ocean_display_top_bar":"default","ocean_display_header":"default","ocean_header_style":"","ocean_center_header_left_menu":"0","ocean_custom_header_template":"0","ocean_custom_logo":0,"ocean_custom_retina_logo":0,"ocean_custom_logo_max_width":0,"ocean_custom_logo_tablet_max_width":0,"ocean_custom_logo_mobile_max_width":0,"ocean_custom_logo_max_height":0,"ocean_custom_logo_tablet_max_height":0,"ocean_custom_logo_mobile_max_height":0,"ocean_header_custom_menu":"0","ocean_menu_typo_font_family":"0","ocean_menu_typo_font_subset":"","ocean_menu_typo_font_size":0,"ocean_menu_typo_font_size_tablet":0,"ocean_menu_typo_font_size_mobile":0,"ocean_menu_typo_font_size_unit":"px","ocean_menu_typo_font_weight":"","ocean_menu_typo_font_weight_tablet":"","ocean_menu_typo_font_weight_mobile":"","ocean_menu_typo_transform":"","ocean_menu_typo_transform_tablet":"","ocean_menu_typo_transform_mobile":"","ocean_menu_typo_line_height":0,"ocean_menu_typo_line_height_tablet":0,"ocean_menu_typo_line_height_mobile":0,"ocean_menu_typo_line_height_unit":"","ocean_menu_typo_spacing":0,"ocean_menu_typo_spacing_tablet":0,"ocean_menu_typo_spacing_mobile":0,"ocean_menu_typo_spacing_unit":"","ocean_menu_link_color":"","ocean_menu_link_color_hover":"","ocean_menu_link_color_active":"","ocean_menu_link_background":"","ocean_menu_link_hover_background":"","ocean_menu_link_active_background":"","ocean_menu_social_links_bg":"","ocean_menu_social_hover_links_bg":"","ocean_menu_social_links_color":"","ocean_menu_social_hover_links_color":"","ocean_disable_title":"default","ocean_disable_heading":"default","ocean_post_title":"","ocean_post_subheading":"","ocean_post_title_style":"","ocean_post_title_background_color":"","ocean_post_title_background":0,"ocean_post_title_bg_image_position":"","ocean_post_title_bg_image_attachment":"","ocean_post_title_bg_image_repeat":"","ocean_post_title_bg_image_size":"","ocean_post_title_height":0,"ocean_post_title_bg_overlay":0.5,"ocean_post_title_bg_overlay_color":"","ocean_disable_breadcrumbs":"default","ocean_breadcrumbs_color":"","ocean_breadcrumbs_separator_color":"","ocean_breadcrumbs_links_color":"","ocean_breadcrumbs_links_hover_color":"","ocean_display_footer_widgets":"default","ocean_display_footer_bottom":"default","ocean_custom_footer_template":"0","ocean_post_oembed":"","ocean_post_self_hosted_media":"","ocean_post_video_embed":"","ocean_link_format":"","ocean_link_format_target":"self","ocean_quote_format":"","ocean_quote_format_link":"post","ocean_gallery_link_images":"off","ocean_gallery_id":[3803,3801,3800,3798,3799,3796,3797,3795,3794],"footnotes":""},"categories":[6],"tags":[],"class_list":["post-3804","post","type-post","status-publish","format-standard","hentry","category-etudes","entry"],"rttpg_featured_image_url":null,"rttpg_author":{"display_name":"Ren\u00e9 Fisher","author_link":"https:\/\/parr78.fr\/Wpress\/author\/rene\/"},"rttpg_comment":0,"rttpg_category":"<a href=\"https:\/\/parr78.fr\/Wpress\/category\/etudes\/\" rel=\"category tag\">3 - Dossiers\/Etudes<\/a>","rttpg_excerpt":"GAZERAN Le village de Gazeran s\u2019\u00e9tend sur 2850 hectares au sud-ouest de Rambouillet. Il est travers\u00e9 par la vall\u00e9e de la Gu\u00e9ville, rivi\u00e8re issue des canaux du ch\u00e2teau de Rambouillet et affluent de la Drouette. Cette vall\u00e9e sableuse est entour\u00e9e de plateaux argileux annon\u00e7ant la Beauce et d\u2019un plateau dont on a longtemps extrait la\u2026","_links":{"self":[{"href":"https:\/\/parr78.fr\/Wpress\/wp-json\/wp\/v2\/posts\/3804","targetHints":{"allow":["GET"]}}],"collection":[{"href":"https:\/\/parr78.fr\/Wpress\/wp-json\/wp\/v2\/posts"}],"about":[{"href":"https:\/\/parr78.fr\/Wpress\/wp-json\/wp\/v2\/types\/post"}],"author":[{"embeddable":true,"href":"https:\/\/parr78.fr\/Wpress\/wp-json\/wp\/v2\/users\/3"}],"replies":[{"embeddable":true,"href":"https:\/\/parr78.fr\/Wpress\/wp-json\/wp\/v2\/comments?post=3804"}],"version-history":[{"count":1,"href":"https:\/\/parr78.fr\/Wpress\/wp-json\/wp\/v2\/posts\/3804\/revisions"}],"predecessor-version":[{"id":3822,"href":"https:\/\/parr78.fr\/Wpress\/wp-json\/wp\/v2\/posts\/3804\/revisions\/3822"}],"wp:attachment":[{"href":"https:\/\/parr78.fr\/Wpress\/wp-json\/wp\/v2\/media?parent=3804"}],"wp:term":[{"taxonomy":"category","embeddable":true,"href":"https:\/\/parr78.fr\/Wpress\/wp-json\/wp\/v2\/categories?post=3804"},{"taxonomy":"post_tag","embeddable":true,"href":"https:\/\/parr78.fr\/Wpress\/wp-json\/wp\/v2\/tags?post=3804"}],"curies":[{"name":"wp","href":"https:\/\/api.w.org\/{rel}","templated":true}]}}