{"id":3708,"date":"2023-11-20T17:16:21","date_gmt":"2023-11-20T16:16:21","guid":{"rendered":"https:\/\/parr78.fr\/Wpress\/?p=3708"},"modified":"2023-11-20T17:18:18","modified_gmt":"2023-11-20T16:18:18","slug":"visite-de-la-bibliotheque-nationale","status":"publish","type":"post","link":"https:\/\/parr78.fr\/Wpress\/visite-de-la-bibliotheque-nationale\/","title":{"rendered":"Visite de la Biblioth\u00e8que Nationale."},"content":{"rendered":"\n<p>     Nous nous sommes tous retrouv\u00e9s en gare de Rambouillet pour cette visite organis\u00e9e par G.Claisse et sous la conduite de notre guide habituelle Mme Silvestri. Il y a aujourd\u2019hui deux sites, le site ancien qui nous occupe aujourd\u2019hui et le site plus r\u00e9cent de la Grande Biblioth\u00e8que. Le site ancien a fait l\u2019objet de travaux tr\u00e8s importants de r\u00e9novation et de modernisation<\/p>\n\n\n\n<p>&nbsp;&nbsp;&nbsp;&nbsp; La premi\u00e8re biblioth\u00e8que royale date de Charles V qui apr\u00e8s son d\u00e9m\u00e9nagement de l\u2019\u00eele de la cit\u00e9 au Louvre installa ses collections dans la tour centrale. Sa collection comptait 937 livres. La biblioth\u00e8que s\u2019enrichit avec le temps mais un apport important eut lieu sous Louis XIV avec le legs de Gaston d\u2019Orl\u00e9ans en 1661, le cabinet du roi ayant \u00e9t\u00e9 rattach\u00e9 \u00e0 la biblioth\u00e8que royale en 1660.<\/p>\n\n\n\n<p>&nbsp;&nbsp;&nbsp;&nbsp; La biblioth\u00e8que actuelle occupe le palais de Mazarin mais elle a \u00e9t\u00e9 consid\u00e9rablement agrandie avec le b\u00e2timent qui longe la rue Vivienne qui est d\u00fb \u00e0 J-L Pascal et qui a \u00e9t\u00e9 ouvert au public en 1917.<\/p>\n\n\n\n<p>&nbsp;&nbsp;&nbsp;&nbsp; La visite a commenc\u00e9 avec la salle Labrouste due \u00e0 l\u2019architecte du m\u00eame nom et qui est l\u2019auteur \u00e9galement de la biblioth\u00e8que de la Sorbonne. Elle date de 1868.<\/p>\n\n\n\n<p>     C\u2019est une salle magnifique avec son architecture m\u00e9talliques et ses verri\u00e8res impressionnantes. Cette salle n\u2019est pas ouverte au public. Elle est r\u00e9serv\u00e9e aux \u00e9tudiants en histoire de l\u2019art qui font leurs \u00e9tudes \u00e0 l\u2019INHA, l\u2019institut national de l\u2019histoire de l\u2019art.<\/p>\n\n\n\n<p>\u00a0\u00a0\u00a0\u00a0 Puis nous sommes pass\u00e9s dans la salle ovale qui est ouverte au public qui peut acc\u00e9der aux revues, livres, BD\u2026.Cette salle pr\u00e9sente un peu le m\u00eame aspect que la salle pr\u00e9c\u00e9dente.<\/p>\n\n\n<div class=\"wp-block-image\">\n<figure class=\"aligncenter size-full is-resized\"><img decoding=\"async\" data-src=\"https:\/\/parr78.fr\/Wpress\/wp-content\/uploads\/2023\/11\/image.png\" alt=\"\" class=\"wp-image-3710 lazyload\" width=\"148\" height=\"148\" src=\"data:image\/svg+xml;base64,PHN2ZyB3aWR0aD0iMSIgaGVpZ2h0PSIxIiB4bWxucz0iaHR0cDovL3d3dy53My5vcmcvMjAwMC9zdmciPjwvc3ZnPg==\" style=\"--smush-placeholder-width: 148px; --smush-placeholder-aspect-ratio: 148\/148;\" \/><\/figure>\n<\/div>\n\n\n<p class=\"has-text-align-center\">&nbsp;&nbsp;&nbsp;&nbsp;&nbsp; Un tr\u00e8s bel escalier moderne permet d\u2019acc\u00e9der au 1<sup>er<\/sup> \u00e9tage. Il d\u00e9bouche dans la salle dite des colonnes. On peut y admirer des pi\u00e8ces de l\u2019antiquit\u00e9&nbsp;: vases grecs, monnaies, m\u00e9dailles qui refl\u00e8tent le go\u00fbt de la Renaissance pour cette p\u00e9riode de l\u2019histoire. On y trouve \u00e9galement des pi\u00e8ces qui retracent l\u2019histoire de l\u2019\u00e9criture&nbsp;:<\/p>\n\n\n\n<p>&nbsp;&nbsp;&nbsp;&nbsp;&nbsp;&nbsp;&nbsp;&nbsp;&nbsp; -la petite st\u00e8le de Kuduru dite caillou de Michaux trouv\u00e9e \u00e0 Babylone vers 1100 av. JC<\/p>\n\n\n\n<p>&nbsp;&nbsp;&nbsp;&nbsp;&nbsp;&nbsp;&nbsp;&nbsp;&nbsp; -une st\u00e8le punique qui vient de Carthage et date du 3 \u00e9me si\u00e8cle av. JC<\/p>\n\n\n\n<p>\u00a0\u00a0\u00a0\u00a0\u00a0\u00a0\u00a0\u00a0\u00a0\u00a0&#8211; la tablette d\u2019Idalion qui vient de Chypre et date de 470 av. JC<\/p>\n\n\n\n<p>\u00a0\u00a0\u00a0\u00a0\u00a0\u00a0\u00a0\u00a0 -un papyrus \u00e9gyptien du 11\u00e8me si\u00e8cle av. JC<\/p>\n\n\n\n<p>\u00a0\u00a0\u00a0\u00a0\u00a0\u00a0\u00a0\u00a0\u00a0 -des m\u00e9dailles et des cam\u00e9es<\/p>\n\n\n\n<p>&nbsp;&nbsp;&nbsp;&nbsp;&nbsp;&nbsp;&nbsp;&nbsp;&nbsp; -le tr\u00e9sor de Bertouville en Normandie dans ce qui fut un temple romain d\u00e9di\u00e9 \u00e0 Mercure et qui contenait des pi\u00e8ces de vaisselle en argent d\u2019une qualit\u00e9 exceptionnelle<\/p>\n\n\n\n<p>&nbsp;&nbsp;&nbsp;&nbsp;&nbsp;&nbsp;&nbsp;&nbsp;&nbsp; -des objets antiques qui font partie de la collection d\u2019Honor\u00e9 Albert de Luynes donn\u00e9e en 1862<\/p>\n\n\n\n<p>&nbsp;&nbsp;&nbsp;&nbsp;&nbsp;&nbsp;&nbsp;&nbsp;&nbsp; &#8211; l\u2019\u00e9p\u00e9e de Boabdil qui vient de Tol\u00e8de (1480)<\/p>\n\n\n\n<p>&nbsp;&nbsp;&nbsp;&nbsp;&nbsp;&nbsp;&nbsp;&nbsp; -l\u2019\u00e9p\u00e9e dite de Vercing\u00e9torix<\/p>\n\n\n\n<p>&nbsp;&nbsp;&nbsp;&nbsp;&nbsp;&nbsp;&nbsp;&nbsp;&nbsp; -la V\u00e9nus dite de Luynes, belle statue grecque.<\/p>\n\n\n\n<p>\u00a0\u00a0\u00a0\u00a0 Nous sommes pass\u00e9s ensuite dans la salle des m\u00e9dailles dite salle Barth\u00e9lemy. Le buste de l\u2019abb\u00e9 a \u00e9t\u00e9 sculpt\u00e9 par Houdon en 1795. Suit la salle des manuscrits puis la galerie Mazarin dans laquelle se trouve le tr\u00f4ne de Dagobert (8 \u00e9me-9\u00e9me) mais aussi le tr\u00e9sor de l\u2019abbaye de Saint-Denis, l\u2019olifant dit de Roland 12\u00e9me, des pi\u00e8ces d\u2019\u00e9checs dont l\u2019\u00e9l\u00e9phant de Charlemagne dat\u00e9 du 9\u00e9me si\u00e8cle et qui vient d\u2019Inde et un jeu d\u2019\u00e9checs venant d\u2019Amalfi (1080).<\/p>\n\n\n<div class=\"wp-block-image\">\n<figure class=\"aligncenter size-full\"><img decoding=\"async\" width=\"150\" height=\"150\" data-src=\"https:\/\/parr78.fr\/Wpress\/wp-content\/uploads\/2023\/11\/image-1.png\" alt=\"\" class=\"wp-image-3711 lazyload\" src=\"data:image\/svg+xml;base64,PHN2ZyB3aWR0aD0iMSIgaGVpZ2h0PSIxIiB4bWxucz0iaHR0cDovL3d3dy53My5vcmcvMjAwMC9zdmciPjwvc3ZnPg==\" style=\"--smush-placeholder-width: 150px; --smush-placeholder-aspect-ratio: 150\/150;\" \/><\/figure>\n<\/div>\n\n\n<p>&nbsp;&nbsp;&nbsp;&nbsp;&nbsp; La salle des collections de Mazarin comporte des pi\u00e8ces tout \u00e0 fait exceptionnelles&nbsp;:<\/p>\n\n\n\n<p>&nbsp;&nbsp;&nbsp;&nbsp;&nbsp;&nbsp;&nbsp;&nbsp; -le Grand cam\u00e9e de France (an 23)<\/p>\n\n\n\n<p>\u00a0\u00a0\u00a0\u00a0\u00a0\u00a0\u00a0  -l\u2019\u00e9vang\u00e9liaire de la sainte Chapelle vers 1230<\/p>\n\n\n\n<p>&#8211; le dictionnaire dit de V\u00e9rone vers 800 qui voit appara\u00eetre l\u2019\u00e9criture minuscule dite caroline <\/p>\n\n\n\n<p>&#8211; le Roman de Fauvel (vers 1317 ) qui est une satire avec indications musicales contre le pouvoir royal c\u2019est \u00e0 dire Philippe V et Enguerrand de Marigny<\/p>\n\n\n\n<ul class=\"wp-block-list\">\n<li>la Bible latine qui est une des premi\u00e8res bibles imprim\u00e9es (1462 \u00e0 Mayence)<\/li>\n<\/ul>\n\n\n\n<p class=\"has-text-align-left\">      &#8211;  un livre d\u2019anatomie d\u2019Andr\u00e9 Versale, un des premiers trait\u00e9s bas\u00e9 sur des dissections<\/p>\n\n\n\n<ul class=\"wp-block-list\">\n<li>une gravure repr\u00e9sentant l\u2019univers selon Mercator (Duisbourg 1584)<\/li>\n<\/ul>\n\n\n\n<p>      &#8211; un globe de Coronelli<\/p>\n\n\n\n<p>&nbsp;&nbsp;&nbsp;&nbsp;&nbsp;&nbsp; Cette galerie contient \u00e9galement des pi\u00e8ces plus r\u00e9centes de Goya, Eluard\u2026 On y voit notamment les rouleaux utilis\u00e9s par le marquis de Sade pour \u00e9crire les 120&nbsp; journ\u00e9es de Sodome en 1785&nbsp;; La bande fait 181 feuillets et 11,88 m\u00e8tres recto verso.&nbsp; On y pr\u00e9sente aussi une feuille de la carte de Cassini de la France. Cette carte a \u00e9t\u00e9 commenc\u00e9e en 1747 et achev\u00e9e en 1815 par des militaires. Elle comportait 181 feuilles. Il est tr\u00e8s difficile de citer toutes les pi\u00e8ces qui sont toutes d\u2019un tr\u00e8s grand int\u00e9r\u00eat.<\/p>\n\n\n\n<p>&nbsp;&nbsp;&nbsp;&nbsp;&nbsp;&nbsp;&nbsp;&nbsp; Cette visite \u00e9tait tout \u00e0 fait remarquable. On avait souvent l\u2019occasion de voir des photos des grandes salles mais le mus\u00e9e et ses collections ont \u00e9t\u00e9 une v\u00e9ritable d\u00e9couverte. Ils m\u00e9riteraient d\u2019\u00eatre mieux connus.<\/p>\n\n\n\n<p>&nbsp;&nbsp;&nbsp;&nbsp;&nbsp;&nbsp;&nbsp;&nbsp;&nbsp;&nbsp;&nbsp;&nbsp;&nbsp;&nbsp;&nbsp;&nbsp;&nbsp;&nbsp;&nbsp;&nbsp;&nbsp;&nbsp;&nbsp;&nbsp;&nbsp;&nbsp;&nbsp;&nbsp;&nbsp;&nbsp;&nbsp;&nbsp;&nbsp;&nbsp;&nbsp;&nbsp;&nbsp;&nbsp;&nbsp;&nbsp;&nbsp;&nbsp;&nbsp;&nbsp;&nbsp;&nbsp;&nbsp;&nbsp;&nbsp;&nbsp;&nbsp;&nbsp;&nbsp;&nbsp;&nbsp; Ren\u00e9 BARBERYE&nbsp;<\/p>\n","protected":false},"excerpt":{"rendered":"<p>Nous nous sommes tous retrouv\u00e9s en gare de Rambouillet pour cette visite organis\u00e9e par G.Claisse et sous la conduite de notre guide habituelle Mme Silvestri. Il y a aujourd\u2019hui deux sites, le site ancien qui nous occupe aujourd\u2019hui et le site plus r\u00e9cent de la Grande Biblioth\u00e8que. Le site ancien a fait l\u2019objet de travaux [&hellip;]<\/p>\n","protected":false},"author":3,"featured_media":0,"comment_status":"closed","ping_status":"closed","sticky":false,"template":"","format":"standard","meta":{"ocean_post_layout":"","ocean_both_sidebars_style":"","ocean_both_sidebars_content_width":0,"ocean_both_sidebars_sidebars_width":0,"ocean_sidebar":"0","ocean_second_sidebar":"0","ocean_disable_margins":"enable","ocean_add_body_class":"","ocean_shortcode_before_top_bar":"","ocean_shortcode_after_top_bar":"","ocean_shortcode_before_header":"","ocean_shortcode_after_header":"","ocean_has_shortcode":"","ocean_shortcode_after_title":"","ocean_shortcode_before_footer_widgets":"","ocean_shortcode_after_footer_widgets":"","ocean_shortcode_before_footer_bottom":"","ocean_shortcode_after_footer_bottom":"","ocean_display_top_bar":"default","ocean_display_header":"default","ocean_header_style":"","ocean_center_header_left_menu":"0","ocean_custom_header_template":"0","ocean_custom_logo":0,"ocean_custom_retina_logo":0,"ocean_custom_logo_max_width":0,"ocean_custom_logo_tablet_max_width":0,"ocean_custom_logo_mobile_max_width":0,"ocean_custom_logo_max_height":0,"ocean_custom_logo_tablet_max_height":0,"ocean_custom_logo_mobile_max_height":0,"ocean_header_custom_menu":"0","ocean_menu_typo_font_family":"0","ocean_menu_typo_font_subset":"","ocean_menu_typo_font_size":0,"ocean_menu_typo_font_size_tablet":0,"ocean_menu_typo_font_size_mobile":0,"ocean_menu_typo_font_size_unit":"px","ocean_menu_typo_font_weight":"","ocean_menu_typo_font_weight_tablet":"","ocean_menu_typo_font_weight_mobile":"","ocean_menu_typo_transform":"","ocean_menu_typo_transform_tablet":"","ocean_menu_typo_transform_mobile":"","ocean_menu_typo_line_height":0,"ocean_menu_typo_line_height_tablet":0,"ocean_menu_typo_line_height_mobile":0,"ocean_menu_typo_line_height_unit":"","ocean_menu_typo_spacing":0,"ocean_menu_typo_spacing_tablet":0,"ocean_menu_typo_spacing_mobile":0,"ocean_menu_typo_spacing_unit":"","ocean_menu_link_color":"","ocean_menu_link_color_hover":"","ocean_menu_link_color_active":"","ocean_menu_link_background":"","ocean_menu_link_hover_background":"","ocean_menu_link_active_background":"","ocean_menu_social_links_bg":"","ocean_menu_social_hover_links_bg":"","ocean_menu_social_links_color":"","ocean_menu_social_hover_links_color":"","ocean_disable_title":"default","ocean_disable_heading":"default","ocean_post_title":"","ocean_post_subheading":"","ocean_post_title_style":"","ocean_post_title_background_color":"","ocean_post_title_background":0,"ocean_post_title_bg_image_position":"","ocean_post_title_bg_image_attachment":"","ocean_post_title_bg_image_repeat":"","ocean_post_title_bg_image_size":"","ocean_post_title_height":0,"ocean_post_title_bg_overlay":0.5,"ocean_post_title_bg_overlay_color":"","ocean_disable_breadcrumbs":"default","ocean_breadcrumbs_color":"","ocean_breadcrumbs_separator_color":"","ocean_breadcrumbs_links_color":"","ocean_breadcrumbs_links_hover_color":"","ocean_display_footer_widgets":"default","ocean_display_footer_bottom":"default","ocean_custom_footer_template":"0","ocean_post_oembed":"","ocean_post_self_hosted_media":"","ocean_post_video_embed":"","ocean_link_format":"","ocean_link_format_target":"self","ocean_quote_format":"","ocean_quote_format_link":"post","ocean_gallery_link_images":"off","ocean_gallery_id":[3700,3699],"footnotes":""},"categories":[4],"tags":[],"class_list":["post-3708","post","type-post","status-publish","format-standard","hentry","category-visites","entry"],"rttpg_featured_image_url":null,"rttpg_author":{"display_name":"Ren\u00e9 Fisher","author_link":"https:\/\/parr78.fr\/Wpress\/author\/rene\/"},"rttpg_comment":0,"rttpg_category":"<a href=\"https:\/\/parr78.fr\/Wpress\/category\/visites\/\" rel=\"category tag\">2 - Visites<\/a>","rttpg_excerpt":"Nous nous sommes tous retrouv\u00e9s en gare de Rambouillet pour cette visite organis\u00e9e par G.Claisse et sous la conduite de notre guide habituelle Mme Silvestri. Il y a aujourd\u2019hui deux sites, le site ancien qui nous occupe aujourd\u2019hui et le site plus r\u00e9cent de la Grande Biblioth\u00e8que. Le site ancien a fait l\u2019objet de travaux\u2026","_links":{"self":[{"href":"https:\/\/parr78.fr\/Wpress\/wp-json\/wp\/v2\/posts\/3708","targetHints":{"allow":["GET"]}}],"collection":[{"href":"https:\/\/parr78.fr\/Wpress\/wp-json\/wp\/v2\/posts"}],"about":[{"href":"https:\/\/parr78.fr\/Wpress\/wp-json\/wp\/v2\/types\/post"}],"author":[{"embeddable":true,"href":"https:\/\/parr78.fr\/Wpress\/wp-json\/wp\/v2\/users\/3"}],"replies":[{"embeddable":true,"href":"https:\/\/parr78.fr\/Wpress\/wp-json\/wp\/v2\/comments?post=3708"}],"version-history":[{"count":3,"href":"https:\/\/parr78.fr\/Wpress\/wp-json\/wp\/v2\/posts\/3708\/revisions"}],"predecessor-version":[{"id":3714,"href":"https:\/\/parr78.fr\/Wpress\/wp-json\/wp\/v2\/posts\/3708\/revisions\/3714"}],"wp:attachment":[{"href":"https:\/\/parr78.fr\/Wpress\/wp-json\/wp\/v2\/media?parent=3708"}],"wp:term":[{"taxonomy":"category","embeddable":true,"href":"https:\/\/parr78.fr\/Wpress\/wp-json\/wp\/v2\/categories?post=3708"},{"taxonomy":"post_tag","embeddable":true,"href":"https:\/\/parr78.fr\/Wpress\/wp-json\/wp\/v2\/tags?post=3708"}],"curies":[{"name":"wp","href":"https:\/\/api.w.org\/{rel}","templated":true}]}}