{"id":3439,"date":"2023-07-03T15:40:05","date_gmt":"2023-07-03T13:40:05","guid":{"rendered":"https:\/\/parr78.fr\/Wpress\/?p=3439"},"modified":"2026-03-12T10:33:07","modified_gmt":"2026-03-12T09:33:07","slug":"mot-du-president","status":"publish","type":"post","link":"https:\/\/parr78.fr\/Wpress\/mot-du-president\/","title":{"rendered":"Mot du pr\u00e9sident"},"content":{"rendered":"\t\t<div data-elementor-type=\"wp-post\" data-elementor-id=\"3439\" class=\"elementor elementor-3439\">\n\t\t\t\t\t\t<section class=\"elementor-section elementor-top-section elementor-element elementor-element-673e532 elementor-section-boxed elementor-section-height-default elementor-section-height-default\" data-id=\"673e532\" data-element_type=\"section\" data-e-type=\"section\">\n\t\t\t\t\t\t<div class=\"elementor-container elementor-column-gap-default\">\n\t\t\t\t\t<div class=\"elementor-column elementor-col-100 elementor-top-column elementor-element elementor-element-5eb35f0\" data-id=\"5eb35f0\" data-element_type=\"column\" data-e-type=\"column\">\n\t\t\t<div class=\"elementor-widget-wrap elementor-element-populated\">\n\t\t\t\t\t\t<div class=\"elementor-element elementor-element-bcaa364 elementor-widget elementor-widget-text-editor\" data-id=\"bcaa364\" data-element_type=\"widget\" data-e-type=\"widget\" data-widget_type=\"text-editor.default\">\n\t\t\t\t<div class=\"elementor-widget-container\">\n\t\t\t\t\t\t\t\t\t<p><strong>LETTRE DU NOUVEAU PRESIDENT AUX ADHERENTS.<\/strong><\/p><p>Ch\u00e8re adh\u00e9rentes, chers adh\u00e9rents,<\/p><p>Le 7 f\u00e9vrier dernier notre Assembl\u00e9e G\u00e9n\u00e9rale annuelle, \u00e0 laquelle vous avez \u00e9t\u00e9\u00a0 nombreux \u00e0 assister ce dont nous vous remercions, nous a permis de vous pr\u00e9senter I&rsquo;ensemble des activit\u00e9s (visites et conf\u00e9rences) propos\u00e9es par votre association PARR au cours de l&rsquo;ann\u00e9e 2025.<\/p><p>Vous avez pu constater cette volont\u00e9 qui est la n\u00f4tre de faire vivre cet int\u00e9r\u00eat port\u00e9 au patrimoine urbain et rural de Rambouillet et de sa r\u00e9gion, en le partageant avec vous.<\/p><p>La vie de toute association n&rsquo;est effective qu&rsquo;\u00e0 travers celles et ceux qui s&rsquo;investissent au quotidien pour la rendre active et attractive. La t\u00e2che n&rsquo;est jamais simple et demande disponibilit\u00e9, comp\u00e9tence et volont\u00e9 de partage.<\/p><p>Le Conseil d&rsquo;Administration de PARR, compos\u00e9 de vos serviteurs, a pour objectif de poursuivre le travail r\u00e9alis\u00e9 depuis sa cr\u00e9ation (2002), de le faire \u00e9voluer tout en s&rsquo;appuyant sur ses statuts pour r\u00e9pondre aux souhaits de chacun. I\u2019esprit est l\u00e0 et notre volont\u00e9 de vous proposer visites et conf\u00e9rences de qualit\u00e9 est notre souhait premier.<\/p><p>Notre Conseil d&rsquo;Administration r\u00e9uni le vendredi 27 f\u00e9vrier a pris acte de la volont\u00e9 de Jean BERNY de mettre fin \u00e0 sa fonction de pr\u00e9sident de PARR&amp; fonction qu&rsquo;il occupe depuis 12 ans. C&rsquo;est avec beaucoup de respect et non sans \u00e9motion que nous lui avons rendu hommage en la circonstance en le remerciant pour son investissement, ses comp\u00e9tences et sa gentillesse. Le C.4., unanimement, a souhait\u00e9 le nommer Pr\u00e9sident d&rsquo;honneur. Il rejoint dans ces fonctions honorifiques Jean BLECON ainsi que Catherine COMAS. Un grand Merci Jean&#8230;<\/p><p>Par ailleurs, cinq des membres du C. A. ont \u00e9t\u00e9 renouvel\u00e9s dans leurs fonctions, Ren\u00e9 FISCHER, Jacques PIQUET, Yves PACAULT, Georges CASARI ainsi que Ren\u00e9 BARBERYE. J&rsquo;ai pr\u00e9sent\u00e9 lors de notre r\u00e9union ma candidature pour d\u00e9sormais assumer la fonction de pr\u00e9sident. Celle-ci a \u00e9t\u00e9 accept\u00e9e et vot\u00e9e unanimement, J&rsquo;en suis particuli\u00e8rement honor\u00e9 et je remercie une nouvelle fois l&rsquo;ensemble des membres de notre Conseil d&rsquo;Administration pour la confiance qu&rsquo;ils me portent. La t\u00e2che est certes importante, mais tellement int\u00e9ressante et si motivante. Je sais pouvoir compter sur celles et ceux qui m&rsquo;entourent, avec leurs comp\u00e9tences et leur exp\u00e9rience pour permettre \u00e0 PARR d&rsquo;\u00eatre attractive et pour poursuivre ses missions dans L&rsquo;int\u00e9r\u00eat de tous.<\/p><p>Enfin, pour p\u00e9renniser le fonctionnement de toute association, il est demand\u00e9 \u00e0 leurs adh\u00e9rents d&rsquo;y participer \u00e0 travers le versement de la cotisation, C&rsquo;est bien naturellement le cas de PARR. La transparence financi\u00e8re vous est pr\u00e9sent\u00e9e chaque ann\u00e9e \u00e0 l&rsquo;Assembl\u00e9e G\u00e9n\u00e9rale, ce qui a \u00e9t\u00e9 fait le 27 f\u00e9vrier dernier. Je me permets de rappeler cette n\u00e9cessit\u00e9 de percevoir le montant de votre adh\u00e9sion pour<\/p><p>L&rsquo;exercice 2026 en vous pr\u00e9cisant que celle-ci s&rsquo;\u00e9l\u00e8ve \u00e0 25 euros (30 euros pour le couple et 50 euros pour les membres bienfaiteurs). Je compte vraiment sur votre retour en vous en remerciant par avance.<\/p><p>Vivons la richesse de notre patrimoine comme une chance. II s&rsquo;agit de notre histoire, qu&rsquo;elle soit ancienne ou contemporaine, grande ou petite, que nous devons porter \u00e0 la connaissance de chacun, avec l&rsquo;espoir de pouvoir la partager autour de nous mais aussi la transmettre aux futures g\u00e9n\u00e9rations.<\/p><p>PARR, avec humilit\u00e9, se donne avec vous la mission d&rsquo;y contribuer.<\/p><p>Bien \u00e0 vous,<\/p><p>Marc ROBERT<\/p><p>Nouveau pr\u00e9sident de PARR<\/p><p><strong>Les membres du Bureau de PARR:<\/strong><\/p><p>Pr\u00e9sident: Marc ROBERT<\/p><p>Vice-pr\u00e9sidents : Ren\u00e9 BARBERYE &#8211; Pierre-Yves BURGAUD<\/p><p>Tr\u00e9sorier : Georges CASARI<\/p><p>Tr\u00e9sorier adjoint : G\u00e9rard CLAISSE<\/p><p>Secr\u00e9taire : Ren\u00e9 FISCHER<\/p><p>Administrateurs : Yves PACAULT &#8211; Jacques PIQUET &#8211; Martine MONET &#8211; Jean BERNY<\/p><p>Pr\u00e9sidents d&rsquo;Honneur: Jean BLECON &#8211; Catherine COMAS &#8211; Jean BERNY<\/p><p><strong>Conf\u00e9rences et visites pr\u00e9vues ou en cours d&rsquo;organisation en 2026 :<\/strong><\/p><p>Conf\u00e9rence du 13 avril 2026 (salle Antoinette Vernes) :<\/p><ol><li>VALLOT : \u00ab Les restes de la p\u00e9riode gallo-romaine dans notre r\u00e9gion \u00bb.<\/li><\/ol><p>Conf\u00e9rence du 24 novembre 2026 (salle Antoinette Vernes) :<\/p><ol><li>DARMAGNAC : \u00ab Les Etrusques \u00bb.<\/li><\/ol><p>Visite du 20 mars 2O26 :<\/p><p>\u00a0\u00a0\u00a0\u00a0\u00a0\u00a0\u00a0\u00a0\u00a0\u00a0\u00a0 &lt;&lt; Vieux Moulin r\u00e9sidence Seniors. Int\u00e9ressante op\u00e9ration d&rsquo;urbanisme \u00bb.<\/p><p><strong>Visites en cours d&rsquo;organisation :<\/strong><\/p><p>Visite comment\u00e9e de Mr ROBITAILLE du parc et des jardins du ch\u00e2teau de Rambouillet (suite de sa conf\u00e9rence pr\u00e9sent\u00e9e \u00e0 la suite de notre AG).<\/p><p>Visite de l&rsquo;usine L\u2019OREAL de Rambouillet.<\/p><p>Visite de la station de traitement des eaux us\u00e9es de Gazeran.<\/p><p>Visite de deux \u00e9glises int\u00e9ressantes de notre territoire : Hermeray et<\/p><p>Gallardon.<\/p><p>Visite de I&rsquo;Assembl\u00e9e Nationale.<\/p><p>Visites d&rsquo;une journ\u00e9e :<\/p><p>Chambord.<\/p><p>\u00a0\u00a0\u00a0\u00a0\u00a0\u00a0\u00a0\u00a0\u00a0\u00a0\u00a0 Le \u00ab plateau \u00bb de Ia ville de Chartres (d\u00e9couvertes vestiges romains.)<\/p><p>\u00a0\u00a0\u00a0\u00a0\u00a0\u00a0\u00a0\u00a0\u00a0\u00a0\u00a0 Etablissements LOIRE sp\u00e9cialis\u00e9s dans la restauration et la cr\u00e9ation de Vitraux.<\/p><p>PARR Association agr\u00e9\u00e9e r\u00e9gie par la loi de 1901<\/p><p>Adh\u00e9rente \u00e0 la Fondation du Patrimoine et \u00e0 Yvelines Environnement, associations reconnues d\u2019utilit\u00e9 publique<\/p><p>Association <em>P.A.R.R.<\/em> &#8211; P\u00f4le associatif Marie-France Faure<\/p><p>\u2013 67, rue Ferdinand Dreyfus &#8211; 78120 <em>RAMBOUILLET<\/em><\/p><ul><li>Courriel\u00a0: asso.parr@wanadoo.fr<\/li><\/ul><p>Site Internet\u00a0: https:\/\/parr78.fr\/Wpress\/<\/p>\t\t\t\t\t\t\t\t<\/div>\n\t\t\t\t<\/div>\n\t\t\t\t\t<\/div>\n\t\t<\/div>\n\t\t\t\t\t<\/div>\n\t\t<\/section>\n\t\t\t\t<\/div>\n\t\t","protected":false},"excerpt":{"rendered":"<p>LETTRE DU NOUVEAU PRESIDENT AUX ADHERENTS. Ch\u00e8re adh\u00e9rentes, chers adh\u00e9rents, Le 7 f\u00e9vrier dernier notre Assembl\u00e9e G\u00e9n\u00e9rale annuelle, \u00e0 laquelle vous avez \u00e9t\u00e9\u00a0 nombreux \u00e0 assister ce dont nous vous remercions, nous a permis de vous pr\u00e9senter I&rsquo;ensemble des activit\u00e9s (visites et conf\u00e9rences) propos\u00e9es par votre association PARR au cours de l&rsquo;ann\u00e9e 2025. Vous avez [&hellip;]<\/p>\n","protected":false},"author":1,"featured_media":0,"comment_status":"closed","ping_status":"closed","sticky":false,"template":"","format":"standard","meta":{"ocean_post_layout":"","ocean_both_sidebars_style":"","ocean_both_sidebars_content_width":0,"ocean_both_sidebars_sidebars_width":0,"ocean_sidebar":"0","ocean_second_sidebar":"0","ocean_disable_margins":"enable","ocean_add_body_class":"","ocean_shortcode_before_top_bar":"","ocean_shortcode_after_top_bar":"","ocean_shortcode_before_header":"","ocean_shortcode_after_header":"","ocean_has_shortcode":"","ocean_shortcode_after_title":"","ocean_shortcode_before_footer_widgets":"","ocean_shortcode_after_footer_widgets":"","ocean_shortcode_before_footer_bottom":"","ocean_shortcode_after_footer_bottom":"","ocean_display_top_bar":"default","ocean_display_header":"default","ocean_header_style":"","ocean_center_header_left_menu":"0","ocean_custom_header_template":"0","ocean_custom_logo":0,"ocean_custom_retina_logo":0,"ocean_custom_logo_max_width":0,"ocean_custom_logo_tablet_max_width":0,"ocean_custom_logo_mobile_max_width":0,"ocean_custom_logo_max_height":0,"ocean_custom_logo_tablet_max_height":0,"ocean_custom_logo_mobile_max_height":0,"ocean_header_custom_menu":"0","ocean_menu_typo_font_family":"0","ocean_menu_typo_font_subset":"","ocean_menu_typo_font_size":0,"ocean_menu_typo_font_size_tablet":0,"ocean_menu_typo_font_size_mobile":0,"ocean_menu_typo_font_size_unit":"px","ocean_menu_typo_font_weight":"","ocean_menu_typo_font_weight_tablet":"","ocean_menu_typo_font_weight_mobile":"","ocean_menu_typo_transform":"","ocean_menu_typo_transform_tablet":"","ocean_menu_typo_transform_mobile":"","ocean_menu_typo_line_height":0,"ocean_menu_typo_line_height_tablet":0,"ocean_menu_typo_line_height_mobile":0,"ocean_menu_typo_line_height_unit":"","ocean_menu_typo_spacing":0,"ocean_menu_typo_spacing_tablet":0,"ocean_menu_typo_spacing_mobile":0,"ocean_menu_typo_spacing_unit":"","ocean_menu_link_color":"","ocean_menu_link_color_hover":"","ocean_menu_link_color_active":"","ocean_menu_link_background":"","ocean_menu_link_hover_background":"","ocean_menu_link_active_background":"","ocean_menu_social_links_bg":"","ocean_menu_social_hover_links_bg":"","ocean_menu_social_links_color":"","ocean_menu_social_hover_links_color":"","ocean_disable_title":"default","ocean_disable_heading":"default","ocean_post_title":"","ocean_post_subheading":"","ocean_post_title_style":"","ocean_post_title_background_color":"","ocean_post_title_background":0,"ocean_post_title_bg_image_position":"","ocean_post_title_bg_image_attachment":"","ocean_post_title_bg_image_repeat":"","ocean_post_title_bg_image_size":"","ocean_post_title_height":0,"ocean_post_title_bg_overlay":0.5,"ocean_post_title_bg_overlay_color":"","ocean_disable_breadcrumbs":"default","ocean_breadcrumbs_color":"","ocean_breadcrumbs_separator_color":"","ocean_breadcrumbs_links_color":"","ocean_breadcrumbs_links_hover_color":"","ocean_display_footer_widgets":"default","ocean_display_footer_bottom":"default","ocean_custom_footer_template":"0","ocean_post_oembed":"","ocean_post_self_hosted_media":"","ocean_post_video_embed":"","ocean_link_format":"","ocean_link_format_target":"self","ocean_quote_format":"","ocean_quote_format_link":"post","ocean_gallery_link_images":"off","ocean_gallery_id":[],"footnotes":""},"categories":[20,19],"tags":[],"class_list":["post-3439","post","type-post","status-publish","format-standard","hentry","category-actualites","category-mot-du-president","entry"],"rttpg_featured_image_url":null,"rttpg_author":{"display_name":"christian","author_link":"https:\/\/parr78.fr\/Wpress\/author\/christian\/"},"rttpg_comment":0,"rttpg_category":"<a href=\"https:\/\/parr78.fr\/Wpress\/category\/actualites\/\" rel=\"category tag\">Actualit\u00e9s<\/a> <a href=\"https:\/\/parr78.fr\/Wpress\/category\/mot-du-president\/\" rel=\"category tag\">Mot du Pr\u00e9sident<\/a>","rttpg_excerpt":"LETTRE DU NOUVEAU PRESIDENT AUX ADHERENTS. Ch\u00e8re adh\u00e9rentes, chers adh\u00e9rents, Le 7 f\u00e9vrier dernier notre Assembl\u00e9e G\u00e9n\u00e9rale annuelle, \u00e0 laquelle vous avez \u00e9t\u00e9\u00a0 nombreux \u00e0 assister ce dont nous vous remercions, nous a permis de vous pr\u00e9senter I&rsquo;ensemble des activit\u00e9s (visites et conf\u00e9rences) propos\u00e9es par votre association PARR au cours de l&rsquo;ann\u00e9e 2025. Vous avez\u2026","_links":{"self":[{"href":"https:\/\/parr78.fr\/Wpress\/wp-json\/wp\/v2\/posts\/3439","targetHints":{"allow":["GET"]}}],"collection":[{"href":"https:\/\/parr78.fr\/Wpress\/wp-json\/wp\/v2\/posts"}],"about":[{"href":"https:\/\/parr78.fr\/Wpress\/wp-json\/wp\/v2\/types\/post"}],"author":[{"embeddable":true,"href":"https:\/\/parr78.fr\/Wpress\/wp-json\/wp\/v2\/users\/1"}],"replies":[{"embeddable":true,"href":"https:\/\/parr78.fr\/Wpress\/wp-json\/wp\/v2\/comments?post=3439"}],"version-history":[{"count":29,"href":"https:\/\/parr78.fr\/Wpress\/wp-json\/wp\/v2\/posts\/3439\/revisions"}],"predecessor-version":[{"id":4449,"href":"https:\/\/parr78.fr\/Wpress\/wp-json\/wp\/v2\/posts\/3439\/revisions\/4449"}],"wp:attachment":[{"href":"https:\/\/parr78.fr\/Wpress\/wp-json\/wp\/v2\/media?parent=3439"}],"wp:term":[{"taxonomy":"category","embeddable":true,"href":"https:\/\/parr78.fr\/Wpress\/wp-json\/wp\/v2\/categories?post=3439"},{"taxonomy":"post_tag","embeddable":true,"href":"https:\/\/parr78.fr\/Wpress\/wp-json\/wp\/v2\/tags?post=3439"}],"curies":[{"name":"wp","href":"https:\/\/api.w.org\/{rel}","templated":true}]}}