{"id":3381,"date":"2023-05-22T10:38:41","date_gmt":"2023-05-22T08:38:41","guid":{"rendered":"https:\/\/parr78.fr\/Wpress\/?p=3381"},"modified":"2023-07-03T16:19:16","modified_gmt":"2023-07-03T14:19:16","slug":"la-basilique-saint-denis-et-le-chateau-decouen","status":"publish","type":"post","link":"https:\/\/parr78.fr\/Wpress\/la-basilique-saint-denis-et-le-chateau-decouen\/","title":{"rendered":"La basilique Saint-Denis et le ch\u00e2teau d\u2019Ecouen."},"content":{"rendered":"\t\t<div data-elementor-type=\"wp-post\" data-elementor-id=\"3381\" class=\"elementor elementor-3381\">\n\t\t\t\t\t\t<section class=\"elementor-section elementor-top-section elementor-element elementor-element-3f015a33 elementor-section-boxed elementor-section-height-default elementor-section-height-default\" data-id=\"3f015a33\" data-element_type=\"section\" data-e-type=\"section\">\n\t\t\t\t\t\t<div class=\"elementor-container elementor-column-gap-default\">\n\t\t\t\t\t<div class=\"elementor-column elementor-col-100 elementor-top-column elementor-element elementor-element-5205547\" data-id=\"5205547\" data-element_type=\"column\" data-e-type=\"column\">\n\t\t\t<div class=\"elementor-widget-wrap elementor-element-populated\">\n\t\t\t\t\t\t<div class=\"elementor-element elementor-element-309ca968 elementor-widget elementor-widget-text-editor\" data-id=\"309ca968\" data-element_type=\"widget\" data-e-type=\"widget\" data-widget_type=\"text-editor.default\">\n\t\t\t\t<div class=\"elementor-widget-container\">\n\t\t\t\t\t\t\t\t\t<figure id=\"attachment_3377\" aria-describedby=\"caption-attachment-3377\" style=\"width: 150px\" class=\"wp-caption alignleft\"><img decoding=\"async\" class=\"wp-image-3377 lazyload\" data-src=\"https:\/\/parr78.fr\/Wpress\/wp-content\/uploads\/2023\/05\/image-9.png\" alt=\"\" width=\"150\" height=\"150\" src=\"data:image\/svg+xml;base64,PHN2ZyB3aWR0aD0iMSIgaGVpZ2h0PSIxIiB4bWxucz0iaHR0cDovL3d3dy53My5vcmcvMjAwMC9zdmciPjwvc3ZnPg==\" style=\"--smush-placeholder-width: 150px; --smush-placeholder-aspect-ratio: 150\/150;\" \/><figcaption id=\"caption-attachment-3377\" class=\"wp-caption-text\">Saint-Denis<\/figcaption><\/figure>\n<p><br \/>Au d\u00e9part du parking Leclerc nous sommes 54 participants \u00e0 cette sortie, chiffre que nous n\u2019avions pas atteint depuis longtemps qui traduit un regain d\u2019int\u00e9r\u00eat de nos membres et l\u2019attrait de cette sortie. C\u2019est\u00a0 l\u2019ami Y. Pacault qui nous conduit.<\/p>\n<figure id=\"attachment_3360\" aria-describedby=\"caption-attachment-3360\" style=\"width: 150px\" class=\"wp-caption alignright\"><img decoding=\"async\" class=\"size-full wp-image-3360 lazyload\" data-src=\"https:\/\/parr78.fr\/Wpress\/wp-content\/uploads\/2023\/05\/image-8.png\" alt=\"\" width=\"150\" height=\"150\" src=\"data:image\/svg+xml;base64,PHN2ZyB3aWR0aD0iMSIgaGVpZ2h0PSIxIiB4bWxucz0iaHR0cDovL3d3dy53My5vcmcvMjAwMC9zdmciPjwvc3ZnPg==\" style=\"--smush-placeholder-width: 150px; --smush-placeholder-aspect-ratio: 150\/150;\" \/><figcaption id=\"caption-attachment-3360\" class=\"wp-caption-text\">Un des 2 groupes.<\/figcaption><\/figure>\n<p><br \/>\u00a0\u00a0\u00a0\u00a0 Comme la circulation est fluide nous sommes un peu en avance pour commencer la visite ce qui nous permet de d\u00e9couvrir les abords de cette cath\u00e9drale assez pimpants. Cette basilique est aussi cath\u00e9drale depuis l\u2019\u00e9clatement du d\u00e9partement de Seine et Oise et la cr\u00e9ation du d\u00e9partement de Seine Saint Denis en 1963. Elle a \u00e9t\u00e9 aussi abbatiale dans le pass\u00e9.<\/p>\n<p>\u00a0\u00a0\u00a0\u00a0 Saint-Denis est li\u00e9 aux origines du christianisme. Denis premier \u00e9v\u00eaque de Paris f\u00fbt condamn\u00e9 \u00e0 mort et d\u00e9capit\u00e9 \u00e0 Montmartre en\u00a0 250 avant d\u2019\u00eatre enterr\u00e9 \u00e0 Saint-Denis. Vers 475 une construction basilicale f\u00fbt \u00e9rig\u00e9e pour abriter la tombe du saint.Une ferveur particuli\u00e8re se d\u00e9veloppe peu \u00e0 peu. Ar\u00e9gonde une des femmes de\u00a0 Clotaire Ier y est enterr\u00e9e. Sa s\u00e9pulture mise \u00e0 jour en 1957 a r\u00e9v\u00e9l\u00e9 une collection de bijoux tr\u00e8s int\u00e9ressante. Avant 625 la basilique devient le si\u00e8ge d\u2019un monast\u00e8re b\u00e9n\u00e9dictin. Dagobert le comble de richesses.\u00a0 Peu \u00e0 peu l\u2019abbatiale se d\u00e9veloppe. Dans la crypte actuelle subsiste une grande partie de la crypte carolingienne.<\/p>\n<figure id=\"attachment_3387\" aria-describedby=\"caption-attachment-3387\" style=\"width: 150px\" class=\"wp-caption alignleft\"><img decoding=\"async\" class=\"size-full wp-image-3387 lazyload\" data-src=\"https:\/\/parr78.fr\/Wpress\/wp-content\/uploads\/2023\/05\/image-10.png\" alt=\"\" width=\"150\" height=\"150\" src=\"data:image\/svg+xml;base64,PHN2ZyB3aWR0aD0iMSIgaGVpZ2h0PSIxIiB4bWxucz0iaHR0cDovL3d3dy53My5vcmcvMjAwMC9zdmciPjwvc3ZnPg==\" style=\"--smush-placeholder-width: 150px; --smush-placeholder-aspect-ratio: 150\/150;\" \/><figcaption id=\"caption-attachment-3387\" class=\"wp-caption-text\">Un pilier de la crypte.<\/figcaption><\/figure>\n<p><br \/>\u00a0\u00a0\u00a0\u00a0 Les Robertiens affirm\u00e8rent de fa\u00e7on d\u00e9finitive le r\u00f4le de Saint-Denis et s\u2019y firent enterrer. Hugues Capet et tous les rois jusqu\u2019\u00e0 la fin du XVIII\u00e9me si\u00e8cle s\u2019y firent enterrer \u00e0 part quelques uns comme Louis XI enterr\u00e9 \u00e0 Cl\u00e9ry pr\u00e8s d\u2019Orl\u00e9ans.<\/p>\n<p>\u00a0\u00a0\u00a0\u00a0 L\u2019\u00e9lection en 1122 de l\u2019abb\u00e9 Suger au tr\u00f4ne abbatial resserra encore les liens avec la royaut\u00e9. Suger f\u00fbt nomm\u00e9 r\u00e9gent du royaume de 1147 \u00e0 1149 pendant la seconde croisade. Des travaux consid\u00e9rables furent entrepris qui dur\u00e8rent jusqu\u2019en 1280. Le chevet f\u00fbt consacr\u00e9 en 1144. C\u2019est la premi\u00e8re r\u00e9alisation gothique.\u00a0<\/p>\n<p>\u00a0\u00a0\u00a0\u00a0 Nous commen\u00e7ons la visite par la fa\u00e7ade en partie masqu\u00e9e par les \u00e9chafaudages des fouilles qui ont permit de d\u00e9gager un cimeti\u00e8re m\u00e9rovingien. Cette fa\u00e7ade a \u00e9t\u00e9 beaucoup modifi\u00e9e par des restaurations suite aux d\u00e9g\u00e2ts pendant la R\u00e9volution.<\/p>\n<p>\u00a0\u00a0\u00a0\u00a0 Puis nous nous dirigeons \u00e0 l\u2019int\u00e9rieur de l\u2019\u00e9glise vers la crypte qui contient de nombreux sarcophages dont celui de la reine Ar\u00e9gonde arri\u00e8re grand-m\u00e8re de Dagobert.<\/p>\n<figure id=\"attachment_3386\" aria-describedby=\"caption-attachment-3386\" style=\"width: 150px\" class=\"wp-caption alignright\"><img decoding=\"async\" class=\"size-full wp-image-3386 lazyload\" data-src=\"https:\/\/parr78.fr\/Wpress\/wp-content\/uploads\/2023\/05\/image-5.png\" alt=\"\" width=\"150\" height=\"150\" src=\"data:image\/svg+xml;base64,PHN2ZyB3aWR0aD0iMSIgaGVpZ2h0PSIxIiB4bWxucz0iaHR0cDovL3d3dy53My5vcmcvMjAwMC9zdmciPjwvc3ZnPg==\" style=\"--smush-placeholder-width: 150px; --smush-placeholder-aspect-ratio: 150\/150;\" \/><figcaption id=\"caption-attachment-3386\" class=\"wp-caption-text\">Tombeau du roi Dagobert.<\/figcaption><\/figure>\n<p><br \/>\u00a0\u00a0\u00a0\u00a0 Le d\u00e9ambulatoire comprend 9 chapelles d\u00e9cloisonn\u00e9es. Les vitraux tr\u00e8s lumineux ne sont pas d\u2019\u00e9poque m\u00e9di\u00e9vale. Ils ont \u00e9t\u00e9 refaits \u00e0 partir de fragments qui ont \u00e9t\u00e9 retrouv\u00e9s.<\/p>\n<p>Le c\u0153ur et ses vitraux.<br \/>\u00a0\u00a0\u00a0\u00a0 On s\u2019arr\u00eate ensuite devant le c\u00e9notaphe de Clovis qui est du XII\u00e9me si\u00e8cle et de celui de son fils Childebert. L\u2019oriflamme qui est expos\u00e9 date de 1914. Saint-Denis \u00e9tait charg\u00e9 de la conservation de cet objet qui pr\u00e9c\u00e9dait les troupes royales. Saint-Denis \u00e9tait aussi charg\u00e9 de la conservation des r\u00e9galias qui \u00e9taient les objets indispensables lors du sacre du roi. En dehors de la couronne c\u2019\u00e9tait le sceptre, la main de justice, l\u2019\u00e9p\u00e9e, l\u2019\u00e9peron, le grand manteau et la sainte ampoule. A c\u00f4t\u00e9 se trouvent les statues comm\u00e9moratives de Louis XVI et de Marie-Antoinette r\u00e9alis\u00e9es en 1815 \u00e0 la demande de Louis XVIII.<\/p>\n<p>Louis XVI et Marie Antoinette.<br \/>\u00a0\u00a0\u00a0\u00a0 Saint-Louis souhaitant montrer une continuit\u00e9 des lign\u00e9es royales fit commander 16 gisants repr\u00e9sentant les rois m\u00e9rovingiens, carolingiens et cap\u00e9tiens. Ils ont les yeux ouverts car ils attendent la r\u00e9surrection. Les visages sont tr\u00e8s st\u00e9r\u00e9otyp\u00e9s. C\u2019est \u00e0 prtir de Charles V qui commande le gisant de son vivant que le visage correspond \u00e0 la r\u00e9alit\u00e9 avec ses d\u00e9fauts \u00e9ventuels. A c\u00f4t\u00e9 des rois figurent 10 grands personnages comme Duguesclin ou Louis de Sancerre qui furent conn\u00e9tables de France, c\u2019est \u00e0 dire chefs de l\u2019arm\u00e9e royale.<\/p>\n<p>Les gisants.<br \/>\u00a0\u00a0\u00a0\u00a0 A partir de la Renaissance les tombeaux sont plus imposants. Celui de Fran\u00e7ois Ier et de Claude de France, \u0153uvre de Ph Delorme, est tr\u00e8s influenc\u00e9 par la Rome antique. Ce sont des gisants c\u2019est \u00e0 dire\u00a0 qu\u2019ils sont repr\u00e9sent\u00e9s nus et morts.<\/p>\n<p>Tombeau de Fran\u00e7ois 1er et Claude de France.<br \/>\u00a0\u00a0\u00a0\u00a0 Louis XII et Anne de Bretagne sont des transis au premier niveau du monument et sont en pri\u00e8re au dessus. Celui d\u2019Henri II et de Catherine de M\u00e9dicis devait se tenir dans une rotonde ext\u00e9rieure \u00e0 l\u2019\u00e9glise qui n\u2019a jamais \u00e9t\u00e9 r\u00e9alis\u00e9e.<\/p>\n<p>\u00a0\u00a0\u00a0\u00a0 Les rois Bourbons, tous enterr\u00e9s \u00e0 Saint-Denis n\u2019ont pas de tombeaux monumentaux. En 1793 la Convention d\u00e9cida d\u2019envoyer les tombeaux et les gisants dans des mus\u00e9es et les corps dans des fosses communes. Le squelette de Marie-Antoinette semble avoir \u00e9t\u00e9 authentifi\u00e9. Charles X exil\u00e9 apr\u00e8s la r\u00e9volution de 1830 est rest\u00e9 en Slov\u00e9nie et Louis-Philippe est enterr\u00e9 \u00e0 Dreux.<\/p>\n<p>Tombeaux des Bourbons.<br \/>\u00a0\u00a0\u00a0\u00a0 Nous avons eu la chance de b\u00e9n\u00e9ficier pendant deux heures du concours de deux guides tout \u00e0 fait passionnantes qui nous ont fait d\u00e9couvrir toutes les richesses de ce magnifique monument. Ce fut une plong\u00e9e au coeur d\u2019 l\u2019histoire de France. Mais il \u00e9tait temps de prendre la route du ch\u00e2teau d\u2019Ecouen o\u00f9 nous attendait un repas sympathique et bien venu.<\/p>\n<p>Ecouen<br \/>\u00a0\u00a0\u00a0\u00a0 Le ch\u00e2teau d\u2019Ecouen est une cr\u00e9ation d\u2019Anne de Montmorency dont la statue \u00e9questre accueille les visiteurs du ch\u00e2teau de Chantilly.\u00a0 Il appartenait \u00e0 une famille illustre qui poss\u00e9dait d\u2019immenses domaines\u00a0: Montmorency, Ecouen, Chantilly, F\u00e8re en Tardenois\u2026. Mar\u00e9chal de France en 1522, Grand-ma\u00eetre en 1526, Conn\u00e9table en 1538, Anne est un des principaux personnages du royaume. Tr\u00e8s en cour au d\u00e9but du r\u00e8gne de Fran\u00e7ois Ier, il conna\u00eet une p\u00e9riode moins favorable ensuite en raison semble t il de l\u2019inimiti\u00e9 de la ma\u00eetresse du roi Anne de Pisseleu duchesse d\u2019Etampes. Il revient en gr\u00e2ce sous Henri II qui le fait duc et pair.<\/p>\n<p>Ch\u00e2teau d&rsquo;Ecouen.<br \/>\u00a0\u00a0\u00a0\u00a0\u00a0 En 1539 il d\u00e9cide de reconstruire\u00a0 Ecouen qui se dresse sur une hauteur dominant la plaine de France. Le ch\u00e2teau est presque intact aujourd\u2019hui. Napol\u00e9on affecta le ch\u00e2teau \u00e0 l\u2019institution de la l\u00e9gion d\u2019Honneur. En 1969 A. Malraux en fit le mus\u00e9e de la Renaissance qui b\u00e9n\u00e9ficia d\u2019une restauration compl\u00e8te et d\u2019un am\u00e9nagement mus\u00e9ographique exemplaire\u00a0;<\/p>\n<p>\u00a0\u00a0\u00a0\u00a0 Le ch\u00e2teau est constitu\u00e9 d\u2019une cour ferm\u00e9e, la galerie occupe le corps central et les appartements sont rejet\u00e9s dans les ailes. Entre le ch\u00e2teau et les foss\u00e9s s\u2019\u00e9tend une terrasse qui offre une tr\u00e8s belle vue sur la plaine de France.<\/p>\n<p>La cour du ch\u00e2teau.<br \/>\u00a0\u00a0\u00a0\u00a0 Des restes importants du d\u00e9cor subsistent. Les chemin\u00e9es contrairement \u00e0 toutes les habitudes fran\u00e7aises n\u2019ont pas fait l\u2019objet d\u2019un traitement architectural. D\u00e8s l\u2019origine on projeta de les peindre ce qui explique que les hottes et les manteaux pr\u00e9sentent des surfaces lisses sans ornement. Les peintures que l\u2019on voit datent probablement du r\u00e8gne d\u2019Henri II<\/p>\n<p>\u00a0\u00a0\u00a0\u00a0 Dans la chapelle figure une copie de la C\u00e8ne de L\u00e9onard de Vinci. Succ\u00e8dent une s\u00e9rie de tr\u00e8s grandes salles.<\/p>\n<p>Plafond de la chapelle.<br \/>\u00a0\u00a0\u00a0\u00a0 Dans une de ces salles figure une s\u00e9rie de tapisseries d\u2019un int\u00e9r\u00eat exceptionnel. Au lieu et place de la tenture de David et Bethsab\u00e9e qui ne pourra \u00eatre revue avant 1927.<\/p>\n<p>\u00a0\u00a0\u00a0\u00a0\u00a0\u00a0\u00a0\u00a0\u00a0 Sont pr\u00e9sent\u00e9es les tapisseries d\u2019or et d\u2019argent command\u00e9es par Catherine de M\u00e9dicis. Ces tapisseries des Valois d\u2019une fra\u00eecheur \u00e9tonnante m\u00e9ritent son qualificatif de splendeur donn\u00e9 d\u00e8s l\u2019origine. Pr\u00eat exceptionnel de la galerie des Offices \u00e0 Florence, c\u2019est la premi\u00e8re fois qu\u2019il est d\u00e9ploy\u00e9 en France depuis 1572. Nous avons eu beaucoup de chance de voir ces merveilles qui repartiront en Juillet.<\/p>\n<p>Une des tapisseries.<br \/>\u00a0\u00a0\u00a0\u00a0\u00a0 Les cartons sont l\u2019oeuvre de Caron, n\u00e9 beauvaisien, peu connu en France et qui pourtant entretint des liens profonds avec le Primatice et Nicolo Dell\u2019Abate \u00e0 Fontainebleau.<\/p>\n<p>\u00a0\u00a0\u00a0\u00a0 Ces tapisseries nous montrent une d\u00e9bauche de plaisirs courtois avec des centaines de personnages chamarr\u00e9s dont Catherine de M\u00e9dicis, Henri II et son \u00e9pouse\u00a0;<\/p>\n<p>\u00a0\u00a0\u00a0\u00a0 Faute de temps nous n\u2019avons pu faire le tour des collections et des pi\u00e8ces du ch\u00e2teau. Raison pour revenir dans ce lieu qui m\u00e9riterait d\u2019\u00eatre mieux connu.<\/p>\n<p>\u00a0\u00a0\u00a0\u00a0\u00a0 Puis ce f\u00fbt le retour vers Rambouillet apr\u00e8s cette journ\u00e9e enrichissante.<\/p>\n<p>\u00a0\u00a0\u00a0\u00a0\u00a0\u00a0\u00a0\u00a0\u00a0\u00a0\u00a0\u00a0\u00a0\u00a0\u00a0\u00a0\u00a0\u00a0\u00a0\u00a0\u00a0\u00a0\u00a0\u00a0\u00a0\u00a0\u00a0\u00a0\u00a0\u00a0\u00a0\u00a0\u00a0\u00a0\u00a0\u00a0\u00a0\u00a0\u00a0\u00a0\u00a0\u00a0\u00a0\u00a0\u00a0\u00a0\u00a0\u00a0\u00a0\u00a0 Ren\u00e9 Barberye<\/p>\n<p>\u00a0<\/p>\n\t\t\t\t\t\t\t\t<\/div>\n\t\t\t\t<\/div>\n\t\t\t\t\t<\/div>\n\t\t<\/div>\n\t\t\t\t\t<\/div>\n\t\t<\/section>\n\t\t\t\t<\/div>\n\t\t","protected":false},"excerpt":{"rendered":"<p>Au d\u00e9part du parking Leclerc nous sommes 54 participants \u00e0 cette sortie, chiffre que nous n\u2019avions pas atteint depuis longtemps qui traduit un regain d\u2019int\u00e9r\u00eat de nos membres et l\u2019attrait de cette sortie. C\u2019est\u00a0 l\u2019ami Y. Pacault qui nous conduit. \u00a0\u00a0\u00a0\u00a0 Comme la circulation est fluide nous sommes un peu en avance pour commencer la [&hellip;]<\/p>\n","protected":false},"author":3,"featured_media":0,"comment_status":"closed","ping_status":"closed","sticky":false,"template":"","format":"standard","meta":{"ocean_post_layout":"","ocean_both_sidebars_style":"","ocean_both_sidebars_content_width":0,"ocean_both_sidebars_sidebars_width":0,"ocean_sidebar":"0","ocean_second_sidebar":"0","ocean_disable_margins":"enable","ocean_add_body_class":"","ocean_shortcode_before_top_bar":"","ocean_shortcode_after_top_bar":"","ocean_shortcode_before_header":"","ocean_shortcode_after_header":"","ocean_has_shortcode":"","ocean_shortcode_after_title":"","ocean_shortcode_before_footer_widgets":"","ocean_shortcode_after_footer_widgets":"","ocean_shortcode_before_footer_bottom":"","ocean_shortcode_after_footer_bottom":"","ocean_display_top_bar":"default","ocean_display_header":"default","ocean_header_style":"","ocean_center_header_left_menu":"0","ocean_custom_header_template":"0","ocean_custom_logo":0,"ocean_custom_retina_logo":0,"ocean_custom_logo_max_width":0,"ocean_custom_logo_tablet_max_width":0,"ocean_custom_logo_mobile_max_width":0,"ocean_custom_logo_max_height":0,"ocean_custom_logo_tablet_max_height":0,"ocean_custom_logo_mobile_max_height":0,"ocean_header_custom_menu":"0","ocean_menu_typo_font_family":"0","ocean_menu_typo_font_subset":"","ocean_menu_typo_font_size":0,"ocean_menu_typo_font_size_tablet":0,"ocean_menu_typo_font_size_mobile":0,"ocean_menu_typo_font_size_unit":"px","ocean_menu_typo_font_weight":"","ocean_menu_typo_font_weight_tablet":"","ocean_menu_typo_font_weight_mobile":"","ocean_menu_typo_transform":"","ocean_menu_typo_transform_tablet":"","ocean_menu_typo_transform_mobile":"","ocean_menu_typo_line_height":0,"ocean_menu_typo_line_height_tablet":0,"ocean_menu_typo_line_height_mobile":0,"ocean_menu_typo_line_height_unit":"","ocean_menu_typo_spacing":0,"ocean_menu_typo_spacing_tablet":0,"ocean_menu_typo_spacing_mobile":0,"ocean_menu_typo_spacing_unit":"","ocean_menu_link_color":"","ocean_menu_link_color_hover":"","ocean_menu_link_color_active":"","ocean_menu_link_background":"","ocean_menu_link_hover_background":"","ocean_menu_link_active_background":"","ocean_menu_social_links_bg":"","ocean_menu_social_hover_links_bg":"","ocean_menu_social_links_color":"","ocean_menu_social_hover_links_color":"","ocean_disable_title":"default","ocean_disable_heading":"default","ocean_post_title":"","ocean_post_subheading":"","ocean_post_title_style":"","ocean_post_title_background_color":"","ocean_post_title_background":0,"ocean_post_title_bg_image_position":"","ocean_post_title_bg_image_attachment":"","ocean_post_title_bg_image_repeat":"","ocean_post_title_bg_image_size":"","ocean_post_title_height":0,"ocean_post_title_bg_overlay":0.5,"ocean_post_title_bg_overlay_color":"","ocean_disable_breadcrumbs":"default","ocean_breadcrumbs_color":"","ocean_breadcrumbs_separator_color":"","ocean_breadcrumbs_links_color":"","ocean_breadcrumbs_links_hover_color":"","ocean_display_footer_widgets":"default","ocean_display_footer_bottom":"default","ocean_custom_footer_template":"0","ocean_post_oembed":"","ocean_post_self_hosted_media":"","ocean_post_video_embed":"","ocean_link_format":"","ocean_link_format_target":"self","ocean_quote_format":"","ocean_quote_format_link":"post","ocean_gallery_link_images":"off","ocean_gallery_id":[3377,3357,3317,3324,3326,3323,3314,3329,3320,3332,3342,3343,3346],"footnotes":""},"categories":[4],"tags":[],"class_list":["post-3381","post","type-post","status-publish","format-standard","hentry","category-visites","entry"],"rttpg_featured_image_url":null,"rttpg_author":{"display_name":"Ren\u00e9 Fisher","author_link":"https:\/\/parr78.fr\/Wpress\/author\/rene\/"},"rttpg_comment":0,"rttpg_category":"<a href=\"https:\/\/parr78.fr\/Wpress\/category\/visites\/\" rel=\"category tag\">2 - Visites<\/a>","rttpg_excerpt":"Au d\u00e9part du parking Leclerc nous sommes 54 participants \u00e0 cette sortie, chiffre que nous n\u2019avions pas atteint depuis longtemps qui traduit un regain d\u2019int\u00e9r\u00eat de nos membres et l\u2019attrait de cette sortie. C\u2019est\u00a0 l\u2019ami Y. Pacault qui nous conduit. \u00a0\u00a0\u00a0\u00a0 Comme la circulation est fluide nous sommes un peu en avance pour commencer la\u2026","_links":{"self":[{"href":"https:\/\/parr78.fr\/Wpress\/wp-json\/wp\/v2\/posts\/3381","targetHints":{"allow":["GET"]}}],"collection":[{"href":"https:\/\/parr78.fr\/Wpress\/wp-json\/wp\/v2\/posts"}],"about":[{"href":"https:\/\/parr78.fr\/Wpress\/wp-json\/wp\/v2\/types\/post"}],"author":[{"embeddable":true,"href":"https:\/\/parr78.fr\/Wpress\/wp-json\/wp\/v2\/users\/3"}],"replies":[{"embeddable":true,"href":"https:\/\/parr78.fr\/Wpress\/wp-json\/wp\/v2\/comments?post=3381"}],"version-history":[{"count":22,"href":"https:\/\/parr78.fr\/Wpress\/wp-json\/wp\/v2\/posts\/3381\/revisions"}],"predecessor-version":[{"id":3469,"href":"https:\/\/parr78.fr\/Wpress\/wp-json\/wp\/v2\/posts\/3381\/revisions\/3469"}],"wp:attachment":[{"href":"https:\/\/parr78.fr\/Wpress\/wp-json\/wp\/v2\/media?parent=3381"}],"wp:term":[{"taxonomy":"category","embeddable":true,"href":"https:\/\/parr78.fr\/Wpress\/wp-json\/wp\/v2\/categories?post=3381"},{"taxonomy":"post_tag","embeddable":true,"href":"https:\/\/parr78.fr\/Wpress\/wp-json\/wp\/v2\/tags?post=3381"}],"curies":[{"name":"wp","href":"https:\/\/api.w.org\/{rel}","templated":true}]}}