{"id":336,"date":"2018-09-25T12:52:34","date_gmt":"2018-09-25T10:52:34","guid":{"rendered":"http:\/\/parr78.fr\/Wpress\/?p=336"},"modified":"2019-01-29T13:35:42","modified_gmt":"2019-01-29T12:35:42","slug":"nos-inquietudes-sur-la-loi-elan","status":"publish","type":"post","link":"https:\/\/parr78.fr\/Wpress\/nos-inquietudes-sur-la-loi-elan\/","title":{"rendered":"Nos inqui\u00e9tudes sur la loi Elan"},"content":{"rendered":"\t\t<div data-elementor-type=\"wp-post\" data-elementor-id=\"336\" class=\"elementor elementor-336 elementor-bc-flex-widget\">\n\t\t\t\t\t\t<section class=\"elementor-section elementor-top-section elementor-element elementor-element-75bee3a elementor-section-boxed elementor-section-height-default elementor-section-height-default\" data-id=\"75bee3a\" data-element_type=\"section\" data-e-type=\"section\">\n\t\t\t\t\t\t<div class=\"elementor-container elementor-column-gap-default\">\n\t\t\t\t\t<div class=\"elementor-column elementor-col-50 elementor-top-column elementor-element elementor-element-06ffdd7\" data-id=\"06ffdd7\" data-element_type=\"column\" data-e-type=\"column\">\n\t\t\t<div class=\"elementor-widget-wrap elementor-element-populated\">\n\t\t\t\t\t\t<div class=\"elementor-element elementor-element-7257cf5 elementor-widget elementor-widget-image\" data-id=\"7257cf5\" data-element_type=\"widget\" data-e-type=\"widget\" data-widget_type=\"image.default\">\n\t\t\t\t<div class=\"elementor-widget-container\">\n\t\t\t\t\t\t\t\t\t\t\t\t\t\t\t<img fetchpriority=\"high\" decoding=\"async\" width=\"680\" height=\"384\" src=\"https:\/\/parr78.fr\/Wpress\/wp-content\/uploads\/2018\/11\/ELAN.png\" class=\"attachment-large size-large wp-image-340\" alt=\"PARR \u00e9tudie la loi ELAN\" srcset=\"https:\/\/parr78.fr\/Wpress\/wp-content\/uploads\/2018\/11\/ELAN.png 680w, https:\/\/parr78.fr\/Wpress\/wp-content\/uploads\/2018\/11\/ELAN-300x169.png 300w\" sizes=\"(max-width: 680px) 100vw, 680px\" \/>\t\t\t\t\t\t\t\t\t\t\t\t\t\t\t<\/div>\n\t\t\t\t<\/div>\n\t\t\t\t\t<\/div>\n\t\t<\/div>\n\t\t\t\t<div class=\"elementor-column elementor-col-50 elementor-top-column elementor-element elementor-element-bcb6705\" data-id=\"bcb6705\" data-element_type=\"column\" data-e-type=\"column\">\n\t\t\t<div class=\"elementor-widget-wrap\">\n\t\t\t\t\t\t\t<\/div>\n\t\t<\/div>\n\t\t\t\t\t<\/div>\n\t\t<\/section>\n\t\t\t\t<section class=\"elementor-section elementor-top-section elementor-element elementor-element-cb83716 elementor-section-boxed elementor-section-height-default elementor-section-height-default\" data-id=\"cb83716\" data-element_type=\"section\" data-e-type=\"section\">\n\t\t\t\t\t\t<div class=\"elementor-container elementor-column-gap-default\">\n\t\t\t\t\t<div class=\"elementor-column elementor-col-100 elementor-top-column elementor-element elementor-element-4129c62\" data-id=\"4129c62\" data-element_type=\"column\" data-e-type=\"column\">\n\t\t\t<div class=\"elementor-widget-wrap elementor-element-populated\">\n\t\t\t\t\t\t<div class=\"elementor-element elementor-element-41bb844 elementor-widget elementor-widget-text-editor\" data-id=\"41bb844\" data-element_type=\"widget\" data-e-type=\"widget\" data-widget_type=\"text-editor.default\">\n\t\t\t\t<div class=\"elementor-widget-container\">\n\t\t\t\t\t\t\t\t\t<div>La lecture de la loi Elan en cours de discussion au Parlement nous a incit\u00e9s \u00e0 adresser un courrier \u00e0 Monsieur G\u00e9rard Larcher, Pr\u00e9sident du S\u00e9nat, et \u00e0 Madame Aurore Berg\u00e9, D\u00e9put\u00e9e des Yvelines, pour les alerter sur les graves atteintes que peut entra\u00eener ce texte sur la protection du patrimoine auquel nous sommes attach\u00e9s.<\/div><div>Nous pouvons comprendre les bonnes intentions du Gouvernement qui souhaite maintenir un rythme soutenu de construction afin de r\u00e9pondre aux attentes des demandeurs de logements et de simplifier les proc\u00e9dures administratives souvent inutilement lourdes.<\/div><div>Toutefois nous avons d\u00e9j\u00e0 pu constater que les dispositions prises en ce sens au cours des derni\u00e8res ann\u00e9es (loi SRU) ont parfois conduit \u00e0 restreindre les pouvoirs des Maires dans l\u2019examen et la d\u00e9livrance des permis de construire.<\/div><div>Nous ne voulons pas que la \u00abconfiance qu\u2019il faut accorder \u00e0 ceux qui construisent\u00bb soit sans aucune r\u00e9serve car, d\u2019exp\u00e9rience, nous savons que les promoteurs et les constructeurs ne sont pas tous sensibles \u00e0 la protection du patrimoine et de l\u2019environnement.<\/div><div>Nous pensons tout particuli\u00e8rement \u00e0 toutes les maisons, non class\u00e9es ni m\u00eame inscrites \u00e0 l\u2019inventaire compl\u00e9mentaire, qui constituent le cadre de vie et le tissu historique de nombreuses villes comme Rambouillet. Notre cit\u00e9 dispose d\u2019un outil remarquable, le SPR, anciennement AVAP, qui permet de prot\u00e9ger certains quartiers mais quel sera le poids de ses dispositions devant la loi demandant de lib\u00e9rer du foncier et de\u00a0 construire la ville sur la ville ?<\/div><div>Le respect des espaces bois\u00e9s et des arbres dans les propri\u00e9t\u00e9s faisant l\u2019objet de permis de construire ne sera-t-il pas oubli\u00e9 au profit de la cr\u00e9ation \u00e0 tous prix de nouveaux logements ?<\/div><div>Par ailleurs le chapitre consacr\u00e9 au r\u00f4le des Architectes des B\u00e2timents de France qui tend \u00e0 rendre leurs avis consultatifs nous semble particuli\u00e8rement dangereux. La r\u00e9duction de leur pouvoir ne peut que conduire \u00e0 remettre en cause certains sites l\u00e0 o\u00f9 les municipalit\u00e9s sont les moins motiv\u00e9es ou g\u00e9n\u00e9rer des recours contre les d\u00e9cisions des Maires qui s\u2019appuieraient sur leur avis pour refuser un permis de construire.<\/div><div>Rambouillet peut \u00eatre fi\u00e8re d\u2019avoir su prot\u00e9ger son pass\u00e9 et son patrimoine tout en sachant \u00e9voluer pour s\u2019adapter aux exigences d\u2019un monde qui change. La loi ne doit pas remettre tout cela en cause.<\/div><div>\u00a0<\/div><div>Pierre-Yves Burgaud<\/div><div>Vice-Pr\u00e9sident de PARR<\/div><div class=\"canvasWrapper\">\u00a0<\/div>\t\t\t\t\t\t\t\t<\/div>\n\t\t\t\t<\/div>\n\t\t\t\t\t<\/div>\n\t\t<\/div>\n\t\t\t\t\t<\/div>\n\t\t<\/section>\n\t\t\t\t<\/div>\n\t\t","protected":false},"excerpt":{"rendered":"<p>La lecture de la loi Elan en cours de discussion au Parlement nous a incit\u00e9s \u00e0 adresser un courrier \u00e0 Monsieur G\u00e9rard Larcher, Pr\u00e9sident du S\u00e9nat, et \u00e0 Madame Aurore Berg\u00e9, D\u00e9put\u00e9e des Yvelines, pour les alerter sur les graves atteintes que peut entra\u00eener ce texte sur la protection du patrimoine auquel nous sommes attach\u00e9s.Nous [&hellip;]<\/p>\n","protected":false},"author":1,"featured_media":340,"comment_status":"closed","ping_status":"closed","sticky":false,"template":"","format":"standard","meta":{"ocean_post_layout":"","ocean_both_sidebars_style":"","ocean_both_sidebars_content_width":0,"ocean_both_sidebars_sidebars_width":0,"ocean_sidebar":"0","ocean_second_sidebar":"0","ocean_disable_margins":"enable","ocean_add_body_class":"","ocean_shortcode_before_top_bar":"","ocean_shortcode_after_top_bar":"","ocean_shortcode_before_header":"","ocean_shortcode_after_header":"","ocean_has_shortcode":"","ocean_shortcode_after_title":"","ocean_shortcode_before_footer_widgets":"","ocean_shortcode_after_footer_widgets":"","ocean_shortcode_before_footer_bottom":"","ocean_shortcode_after_footer_bottom":"","ocean_display_top_bar":"default","ocean_display_header":"default","ocean_header_style":"","ocean_center_header_left_menu":"0","ocean_custom_header_template":"0","ocean_custom_logo":0,"ocean_custom_retina_logo":0,"ocean_custom_logo_max_width":0,"ocean_custom_logo_tablet_max_width":0,"ocean_custom_logo_mobile_max_width":0,"ocean_custom_logo_max_height":0,"ocean_custom_logo_tablet_max_height":0,"ocean_custom_logo_mobile_max_height":0,"ocean_header_custom_menu":"0","ocean_menu_typo_font_family":"0","ocean_menu_typo_font_subset":"","ocean_menu_typo_font_size":0,"ocean_menu_typo_font_size_tablet":0,"ocean_menu_typo_font_size_mobile":0,"ocean_menu_typo_font_size_unit":"px","ocean_menu_typo_font_weight":"","ocean_menu_typo_font_weight_tablet":"","ocean_menu_typo_font_weight_mobile":"","ocean_menu_typo_transform":"","ocean_menu_typo_transform_tablet":"","ocean_menu_typo_transform_mobile":"","ocean_menu_typo_line_height":0,"ocean_menu_typo_line_height_tablet":0,"ocean_menu_typo_line_height_mobile":0,"ocean_menu_typo_line_height_unit":"","ocean_menu_typo_spacing":0,"ocean_menu_typo_spacing_tablet":0,"ocean_menu_typo_spacing_mobile":0,"ocean_menu_typo_spacing_unit":"","ocean_menu_link_color":"","ocean_menu_link_color_hover":"","ocean_menu_link_color_active":"","ocean_menu_link_background":"","ocean_menu_link_hover_background":"","ocean_menu_link_active_background":"","ocean_menu_social_links_bg":"","ocean_menu_social_hover_links_bg":"","ocean_menu_social_links_color":"","ocean_menu_social_hover_links_color":"","ocean_disable_title":"default","ocean_disable_heading":"default","ocean_post_title":"","ocean_post_subheading":"","ocean_post_title_style":"","ocean_post_title_background_color":"","ocean_post_title_background":0,"ocean_post_title_bg_image_position":"","ocean_post_title_bg_image_attachment":"","ocean_post_title_bg_image_repeat":"","ocean_post_title_bg_image_size":"","ocean_post_title_height":0,"ocean_post_title_bg_overlay":0.5,"ocean_post_title_bg_overlay_color":"","ocean_disable_breadcrumbs":"default","ocean_breadcrumbs_color":"","ocean_breadcrumbs_separator_color":"","ocean_breadcrumbs_links_color":"","ocean_breadcrumbs_links_hover_color":"","ocean_display_footer_widgets":"default","ocean_display_footer_bottom":"default","ocean_custom_footer_template":"0","ocean_post_oembed":"","ocean_post_self_hosted_media":"","ocean_post_video_embed":"","ocean_link_format":"","ocean_link_format_target":"self","ocean_quote_format":"","ocean_quote_format_link":"post","ocean_gallery_link_images":"off","ocean_gallery_id":[],"footnotes":""},"categories":[6,13],"tags":[],"class_list":["post-336","post","type-post","status-publish","format-standard","has-post-thumbnail","hentry","category-etudes","category-tous-nos-articles","entry","has-media"],"rttpg_featured_image_url":{"full":["https:\/\/parr78.fr\/Wpress\/wp-content\/uploads\/2018\/11\/ELAN.png",680,384,false],"landscape":["https:\/\/parr78.fr\/Wpress\/wp-content\/uploads\/2018\/11\/ELAN.png",680,384,false],"portraits":["https:\/\/parr78.fr\/Wpress\/wp-content\/uploads\/2018\/11\/ELAN.png",680,384,false],"thumbnail":["https:\/\/parr78.fr\/Wpress\/wp-content\/uploads\/2018\/11\/ELAN-150x150.png",150,150,true],"medium":["https:\/\/parr78.fr\/Wpress\/wp-content\/uploads\/2018\/11\/ELAN-300x169.png",300,169,true],"large":["https:\/\/parr78.fr\/Wpress\/wp-content\/uploads\/2018\/11\/ELAN.png",680,384,false],"1536x1536":["https:\/\/parr78.fr\/Wpress\/wp-content\/uploads\/2018\/11\/ELAN.png",680,384,false],"2048x2048":["https:\/\/parr78.fr\/Wpress\/wp-content\/uploads\/2018\/11\/ELAN.png",680,384,false],"ocean-thumb-m":["https:\/\/parr78.fr\/Wpress\/wp-content\/uploads\/2018\/11\/ELAN.png",600,339,false],"ocean-thumb-ml":["https:\/\/parr78.fr\/Wpress\/wp-content\/uploads\/2018\/11\/ELAN.png",680,384,false],"ocean-thumb-l":["https:\/\/parr78.fr\/Wpress\/wp-content\/uploads\/2018\/11\/ELAN.png",680,384,false]},"rttpg_author":{"display_name":"christian","author_link":"https:\/\/parr78.fr\/Wpress\/author\/christian\/"},"rttpg_comment":0,"rttpg_category":"<a href=\"https:\/\/parr78.fr\/Wpress\/category\/etudes\/\" rel=\"category tag\">3 - Dossiers\/Etudes<\/a> <a href=\"https:\/\/parr78.fr\/Wpress\/category\/tous-nos-articles\/\" rel=\"category tag\">Retrouvez ici, la totalit\u00e9 de nos articles<\/a>","rttpg_excerpt":"La lecture de la loi Elan en cours de discussion au Parlement nous a incit\u00e9s \u00e0 adresser un courrier \u00e0 Monsieur G\u00e9rard Larcher, Pr\u00e9sident du S\u00e9nat, et \u00e0 Madame Aurore Berg\u00e9, D\u00e9put\u00e9e des Yvelines, pour les alerter sur les graves atteintes que peut entra\u00eener ce texte sur la protection du patrimoine auquel nous sommes attach\u00e9s.Nous\u2026","_links":{"self":[{"href":"https:\/\/parr78.fr\/Wpress\/wp-json\/wp\/v2\/posts\/336","targetHints":{"allow":["GET"]}}],"collection":[{"href":"https:\/\/parr78.fr\/Wpress\/wp-json\/wp\/v2\/posts"}],"about":[{"href":"https:\/\/parr78.fr\/Wpress\/wp-json\/wp\/v2\/types\/post"}],"author":[{"embeddable":true,"href":"https:\/\/parr78.fr\/Wpress\/wp-json\/wp\/v2\/users\/1"}],"replies":[{"embeddable":true,"href":"https:\/\/parr78.fr\/Wpress\/wp-json\/wp\/v2\/comments?post=336"}],"version-history":[{"count":5,"href":"https:\/\/parr78.fr\/Wpress\/wp-json\/wp\/v2\/posts\/336\/revisions"}],"predecessor-version":[{"id":831,"href":"https:\/\/parr78.fr\/Wpress\/wp-json\/wp\/v2\/posts\/336\/revisions\/831"}],"wp:featuredmedia":[{"embeddable":true,"href":"https:\/\/parr78.fr\/Wpress\/wp-json\/wp\/v2\/media\/340"}],"wp:attachment":[{"href":"https:\/\/parr78.fr\/Wpress\/wp-json\/wp\/v2\/media?parent=336"}],"wp:term":[{"taxonomy":"category","embeddable":true,"href":"https:\/\/parr78.fr\/Wpress\/wp-json\/wp\/v2\/categories?post=336"},{"taxonomy":"post_tag","embeddable":true,"href":"https:\/\/parr78.fr\/Wpress\/wp-json\/wp\/v2\/tags?post=336"}],"curies":[{"name":"wp","href":"https:\/\/api.w.org\/{rel}","templated":true}]}}