{"id":1176,"date":"2019-10-18T15:41:16","date_gmt":"2019-10-18T13:41:16","guid":{"rendered":"https:\/\/parr78.fr\/Wpress\/?p=1176"},"modified":"2019-10-22T11:41:44","modified_gmt":"2019-10-22T09:41:44","slug":"leglise-de-saint-arnout-en-yvelines","status":"publish","type":"post","link":"https:\/\/parr78.fr\/Wpress\/leglise-de-saint-arnout-en-yvelines\/","title":{"rendered":"L&rsquo;\u00e9glise de Saint-Arnoult en Yvelines"},"content":{"rendered":"\t\t<div data-elementor-type=\"wp-post\" data-elementor-id=\"1176\" class=\"elementor elementor-1176\">\n\t\t\t\t\t\t<section class=\"elementor-section elementor-top-section elementor-element elementor-element-a9daffa elementor-section-boxed elementor-section-height-default elementor-section-height-default\" data-id=\"a9daffa\" data-element_type=\"section\" data-e-type=\"section\">\n\t\t\t\t\t\t<div class=\"elementor-container elementor-column-gap-default\">\n\t\t\t\t\t<div class=\"elementor-column elementor-col-100 elementor-top-column elementor-element elementor-element-c6fb464\" data-id=\"c6fb464\" data-element_type=\"column\" data-e-type=\"column\">\n\t\t\t<div class=\"elementor-widget-wrap elementor-element-populated\">\n\t\t\t\t\t\t<div class=\"elementor-element elementor-element-a656dba elementor-widget elementor-widget-text-editor\" data-id=\"a656dba\" data-element_type=\"widget\" data-e-type=\"widget\" data-widget_type=\"text-editor.default\">\n\t\t\t\t<div class=\"elementor-widget-container\">\n\t\t\t\t\t\t\t\t\t<p><img fetchpriority=\"high\" decoding=\"async\" class=\"alignnone size-full wp-image-1177\" src=\"https:\/\/parr78.fr\/Wpress\/wp-content\/uploads\/2019\/09\/zoom_281.jpg\" alt=\"\" width=\"901\" height=\"576\" srcset=\"https:\/\/parr78.fr\/Wpress\/wp-content\/uploads\/2019\/09\/zoom_281.jpg 901w, https:\/\/parr78.fr\/Wpress\/wp-content\/uploads\/2019\/09\/zoom_281-300x192.jpg 300w, https:\/\/parr78.fr\/Wpress\/wp-content\/uploads\/2019\/09\/zoom_281-768x491.jpg 768w\" sizes=\"(max-width: 901px) 100vw, 901px\" \/>Le 18 octobre une vingtaine d&rsquo;adh\u00e9rents de PARR se sont retrouv\u00e9s au Caf\u00e9 Le Gaulois pour un caf\u00e9 aimablement offert par la Soci\u00e9t\u00e9 historique de Saint-Arnoult en pr\u00e9alable \u00e0 la visite de l&rsquo;\u00e9glise sous la conduite de Mme Houssinot. Elle nous a d&rsquo;abord rappel\u00e9 l&rsquo;histoire d&rsquo; Arnoul que nous ne reprendrons pas ici puisque le r\u00e9cit est retrac\u00e9 dans la conf\u00e9rence faite \u00e0 notre AG par M.Houssinot.<\/p><p>Alors qu&rsquo;il devait \u00eatre enterr\u00e9 \u00e0 Tours ou il avait \u00e9t\u00e9 \u00e9v\u00eaque, finalement le corps d&rsquo;Arnoul est rest\u00e9 \u00e0 ce qui est aujourd&rsquo;hui Saint-Arnoult. Il fut mis dans une grotte qui est sans doute la crypte de l&rsquo;\u00e9glise. On disait que Saint-Arnoul faisait des miracles et notamment gu\u00e9rissait les enfants ce qui donna \u00e0 ce village une certaine notori\u00e9t\u00e9 et provoqua un afflux de p\u00e8lerins. Beaucoup de moines s&rsquo;install\u00e8rent \u00e9galement et une \u00e9glise fut construite. Scariberge l&rsquo;\u00e9pouse de saint-Arnoul s&rsquo;installa \u00e0 l&rsquo;abbaye de Saint-R\u00e9mi des landes qui a disparu. Sa derni\u00e8re abbesse fut guillotin\u00e9e \u00e0 la R\u00e9volution.<\/p><p><img decoding=\"async\" class=\"wp-image-1187 size-medium alignleft lazyload\" data-src=\"https:\/\/parr78.fr\/Wpress\/wp-content\/uploads\/2019\/09\/2-e1570801765818-296x300.jpg\" alt=\"\" width=\"296\" height=\"300\" data-srcset=\"https:\/\/parr78.fr\/Wpress\/wp-content\/uploads\/2019\/09\/2-e1570801765818-296x300.jpg 296w, https:\/\/parr78.fr\/Wpress\/wp-content\/uploads\/2019\/09\/2-e1570801765818.jpg 463w\" data-sizes=\"(max-width: 296px) 100vw, 296px\" src=\"data:image\/svg+xml;base64,PHN2ZyB3aWR0aD0iMSIgaGVpZ2h0PSIxIiB4bWxucz0iaHR0cDovL3d3dy53My5vcmcvMjAwMC9zdmciPjwvc3ZnPg==\" style=\"--smush-placeholder-width: 296px; --smush-placeholder-aspect-ratio: 296\/300;\" \/>L&rsquo;\u00e9glise comporte trois nefs et trois portes. Celle de droite donne sur la baptist\u00e8re par ou p\u00e9n\u00e9traient les enfants non baptis\u00e9s. Le baptist\u00e8re a \u00e9t\u00e9 offert par Marie de M\u00e9dicis. Dans ce m\u00eame endroit figure une pierre qui indique que Simon de Montfort seigneur du lieu a exempt\u00e9 de droits de p\u00e2turage dans les for\u00eats les habitants du village.<\/p><p>En raison de l&rsquo;afflux des p\u00e8lerins et des nuisances que cela entrainait pour la tranquillit\u00e9 des moines la nef de gauche f\u00fbt construite au 16\u00e9 si\u00e8cle mais elle resta inachev\u00e9e et ne trouva son \u00e9tat actuel qu&rsquo;\u00e0 une \u00e9poque plus r\u00e9cente.<\/p><p>Toujours \u00e0 droite on trouve une statue de Scariberge du 16\u00e9 si\u00e8cle. On peut noter \u00e9galement quelques peintures murales anciennes dont une qui rappelle que si Saint-Arnoul est le patron des chasseurs il est aussi le patron des cocus. Le clocher \u00e9tait initialement au centre de l&rsquo;\u00e9glise ce qui fragilisait l&rsquo;\u00e9difice si bien qu&rsquo;il fut d\u00e9moli est reconstruit \u00e0 c\u00f4t\u00e9 de l&rsquo;\u00e9glise.<\/p><p>Puis nous sommes mont\u00e9s par un escalier tr\u00e8s \u00e9troit dans la salle ou se tenait le prieur lorsqu&rsquo;il rendait la justice et percevait donc des droits. Ce privil\u00e8ge revendiqu\u00e9 par les Montfort donna lieu \u00e0 des diff\u00e9rends pendant 500 ans et se termina \u00e0 l&rsquo;avantage des Montfort. Certains prieurs sont bien connus comme Jean du Bellay \u00e9v\u00eaque et oncle du po\u00e8te Joachim, ainsi que le cardinal de Retz.Dans cette pi\u00e8ce on peut voir les contreforts de l&rsquo;\u00e9glise romane du 9\u00e9 si\u00e8cle qui occupait le fond du ch\u0153ur actuel, ch\u0153ur qui a \u00e9t\u00e9 sur\u00e9lev\u00e9 ensuite.<\/p><p>Dans la sacristie nous avons pu admirer deux banni\u00e8res du XIX\u00e9 si\u00e8cle brod\u00e9es par des dames de la ville.Dans le ch\u0153ur on peut voir des colonnes sculpt\u00e9es qui n&rsquo;ont pas une fonction de support mais qui portent des sculptures retra\u00e7ant l&rsquo;histoire de Daniel. Puis nous sommes descendus dans la crypte ou reposait Arnoul depuis sa mort en 535. Les reliques on donn\u00e9 lieu \u00e0 un proc\u00e8s-verbal de reconnaissance datant de 1796. Comme \u00e0 l&rsquo;\u00e9poque d\u00e9tenir des reliques donnait de la notori\u00e9t\u00e9 une partie des reliques fut vol\u00e9e en 935 par un pr\u00eatre nomm\u00e9 Constance envoy\u00e9 par un seigneur du Valois. C&rsquo;est l&rsquo;origine de l&rsquo;abbaye de Saint-Arnoul \u00e0 Cr\u00e9py en Valois. Cette crypte avait \u00e9t\u00e9 oubli\u00e9 et a \u00e9t\u00e9 red\u00e9couverte en 1853.<\/p><p>La charpente de l&rsquo;\u00e9glise qui a \u00e9t\u00e9 refaite fin 15\u00e9 si\u00e8cle est tout \u00e0 fait remarquable par son ampleur et ses d\u00e9corations. La chapelle de Gauche du XIX\u00e9 si\u00e8cle comporte un autel en bois de belle facture.<\/p><p>Apr\u00e8s cette belle visite qui a dur\u00e9 deux heures trente il convient de remercier Madame Houssinot passionn\u00e9e par son sujet et incollable sur l&rsquo;histoire de l&rsquo;\u00e9glise et Monsieur Houssinot qui l&rsquo;a second\u00e9 dans notre parcours.<\/p><p>Ren\u00e9 BARBERYE<\/p>\t\t\t\t\t\t\t\t<\/div>\n\t\t\t\t<\/div>\n\t\t\t\t\t<\/div>\n\t\t<\/div>\n\t\t\t\t\t<\/div>\n\t\t<\/section>\n\t\t\t\t<section class=\"elementor-section elementor-top-section elementor-element elementor-element-f061642 elementor-section-boxed elementor-section-height-default elementor-section-height-default\" data-id=\"f061642\" data-element_type=\"section\" data-e-type=\"section\">\n\t\t\t\t\t\t<div class=\"elementor-container elementor-column-gap-default\">\n\t\t\t\t\t<div class=\"elementor-column elementor-col-66 elementor-top-column elementor-element elementor-element-7cf5dc2\" data-id=\"7cf5dc2\" data-element_type=\"column\" data-e-type=\"column\">\n\t\t\t<div class=\"elementor-widget-wrap elementor-element-populated\">\n\t\t\t\t\t\t<div class=\"elementor-element elementor-element-5f0c6ae elementor-widget elementor-widget-text-editor\" data-id=\"5f0c6ae\" data-element_type=\"widget\" data-e-type=\"widget\" data-widget_type=\"text-editor.default\">\n\t\t\t\t<div class=\"elementor-widget-container\">\n\t\t\t\t\t\t\t\t\t<h2>Pour en savoir plus :<\/h2><p>Sur internet :<\/p><ul><li><a href=\"https:\/\/nominis.cef.fr\/contenus\/saint\/1529\/Saint-Arnoul.html\">Nominis :<\/a> la vie de Saint Arnoul de Metz<\/li><li><a href=\"https:\/\/fr.wikipedia.org\/wiki\/Arnoul_de_Metz\">Wikipedia<\/a> : Saint Arnoul de Metz<\/li><li>sur le Portail Pers\u00e9e : Le \u00abpetit cartulaire\u00bb de Saint-Arnoul de Metz (<a href=\"https:\/\/www.persee.fr\/doc\/bsnaf_0081-1181_2004_num_2000_1_10439\">article de Michelle Gaillard,<\/a> Ann\u00e9e 2004<\/li><li>De nombreuses cartes et photos sur le site Momentum : <a href=\"https:\/\/monumentum.fr\/eglise-saint-nicolas-pa00087595.html\">Eglise Saint-Nicolas<\/a> \u00e0 Saint-Arnoult-en-Yvelines<\/li><\/ul><p>Bibiographie<\/p><ul><li>La Soci\u00e9t\u00e9 historique et arch\u00e9ologique de Saint-Arnoult-en-Yvelines (SHSA) (Pr\u00e9sident JC Houssinot) a publi\u00e9 de nombreux articles et ouvrages sur Saint Arnoult en g\u00e9n\u00e9ral, et son \u00e9glise en particulier.\u00a0<a href=\"http:\/\/sthistoriquestarnoultyvelines.e-monsite.com\/\"> Voir leur site. <\/a>et les<a href=\"histarnoult@wanadoo.fr\"> contacter ici<\/a><ul><li>de nombreux ouvrages \u00e9crits par <span id=\"CITEREFHoussinotHoussinot\" class=\"ouvrage\"><span id=\"CITEREFMarie-Jos\u00e8phe_HoussinotJean-Claude_Houssinot\" class=\"ouvrage\">Marie-Jos\u00e8phe <span class=\"nom_auteur\">Houssinot<\/span> et Jean-Claude <span class=\"nom_auteur\">Houssinot<\/span>, <\/span><\/span>et notamment :<span id=\"CITEREFHoussinotHoussinot\" class=\"ouvrage\"><span id=\"CITEREFMarie-Jos\u00e8phe_HoussinotJean-Claude_Houssinot\" class=\"ouvrage\">\u00a0<cite class=\"italique\">\u00ab\u00a0Saint Arnoult, son histoire, son culte, ses l\u00e9gendes, ses homonymes et ses myst\u00e8res..\u00a0\u00bb.<\/cite>, \u00e9ditions de la Tour Gile,<\/span><\/span><\/li><li><span id=\"CITEREFHoussinotHoussinot\" class=\"ouvrage\"><span id=\"CITEREFMarie-Jos\u00e8phe_HoussinotJean-Claude_Houssinot\" class=\"ouvrage\"><cite class=\"italique\">La Ville de Saint-Arnoult-en-Yvelines, \u00ab\u00a0un paysage retrouv\u00e9\u00a0\u00bb<\/cite>, \u00e9ditions de la Tour Gile, <\/span><\/span><\/li><\/ul><\/li><\/ul>\t\t\t\t\t\t\t\t<\/div>\n\t\t\t\t<\/div>\n\t\t\t\t\t<\/div>\n\t\t<\/div>\n\t\t\t\t<div class=\"elementor-column elementor-col-33 elementor-top-column elementor-element elementor-element-812973c\" data-id=\"812973c\" data-element_type=\"column\" data-e-type=\"column\" data-settings=\"{&quot;background_background&quot;:&quot;classic&quot;}\">\n\t\t\t<div class=\"elementor-widget-wrap elementor-element-populated\">\n\t\t\t\t\t\t<div class=\"elementor-element elementor-element-461ef96 elementor-widget elementor-widget-image\" data-id=\"461ef96\" data-element_type=\"widget\" data-e-type=\"widget\" data-widget_type=\"image.default\">\n\t\t\t\t<div class=\"elementor-widget-container\">\n\t\t\t\t\t\t\t\t\t\t\t\t<figure class=\"wp-caption\">\n\t\t\t\t\t\t\t\t\t\t<img decoding=\"async\" width=\"150\" height=\"150\" data-src=\"https:\/\/parr78.fr\/Wpress\/wp-content\/uploads\/2019\/10\/31783-1-150x150.jpg\" class=\"attachment-thumbnail size-thumbnail wp-image-1370 lazyload\" alt=\"\" src=\"data:image\/svg+xml;base64,PHN2ZyB3aWR0aD0iMSIgaGVpZ2h0PSIxIiB4bWxucz0iaHR0cDovL3d3dy53My5vcmcvMjAwMC9zdmciPjwvc3ZnPg==\" style=\"--smush-placeholder-width: 150px; --smush-placeholder-aspect-ratio: 150\/150;\" \/>\t\t\t\t\t\t\t\t\t\t\t<figcaption class=\"widget-image-caption wp-caption-text\">une sc\u00e8ne du Roman de la Rose,qui mettrait en sc\u00e8ne un certain Saint Arnolfus, protecteur des cocus.<\/figcaption>\n\t\t\t\t\t\t\t\t\t\t<\/figure>\n\t\t\t\t\t\t\t\t\t<\/div>\n\t\t\t\t<\/div>\n\t\t\t\t<div class=\"elementor-element elementor-element-111509f elementor-widget elementor-widget-google_maps\" data-id=\"111509f\" data-element_type=\"widget\" data-e-type=\"widget\" data-widget_type=\"google_maps.default\">\n\t\t\t\t<div class=\"elementor-widget-container\">\n\t\t\t\t\t\t\t<div class=\"elementor-custom-embed\">\n\t\t\t<iframe\n\t\t\t\t\tdata-src=\"https:\/\/maps.google.com\/maps?q=saint%20arnoult%20en%20yvelines%20France&#038;t=m&#038;z=10&#038;output=embed&#038;iwloc=near\"\n\t\t\t\t\ttitle=\"saint arnoult en yvelines France\"\n\t\t\t\t\taria-label=\"saint arnoult en yvelines France\"\n\t\t\t src=\"data:image\/svg+xml;base64,PHN2ZyB3aWR0aD0iMSIgaGVpZ2h0PSIxIiB4bWxucz0iaHR0cDovL3d3dy53My5vcmcvMjAwMC9zdmciPjwvc3ZnPg==\" class=\"lazyload\" data-load-mode=\"1\"><\/iframe>\n\t\t<\/div>\n\t\t\t\t\t\t<\/div>\n\t\t\t\t<\/div>\n\t\t\t\t\t<\/div>\n\t\t<\/div>\n\t\t\t\t\t<\/div>\n\t\t<\/section>\n\t\t\t\t<\/div>\n\t\t","protected":false},"excerpt":{"rendered":"<p>Le 18 octobre une vingtaine d&rsquo;adh\u00e9rents de PARR se sont retrouv\u00e9s au Caf\u00e9 Le Gaulois pour un caf\u00e9 aimablement offert par la Soci\u00e9t\u00e9 historique de Saint-Arnoult en pr\u00e9alable \u00e0 la visite de l&rsquo;\u00e9glise sous la conduite de Mme Houssinot. Elle nous a d&rsquo;abord rappel\u00e9 l&rsquo;histoire d&rsquo; Arnoul que nous ne reprendrons pas ici puisque le [&hellip;]<\/p>\n","protected":false},"author":1,"featured_media":1177,"comment_status":"closed","ping_status":"closed","sticky":false,"template":"","format":"standard","meta":{"ocean_post_layout":"","ocean_both_sidebars_style":"","ocean_both_sidebars_content_width":0,"ocean_both_sidebars_sidebars_width":0,"ocean_sidebar":"0","ocean_second_sidebar":"0","ocean_disable_margins":"enable","ocean_add_body_class":"","ocean_shortcode_before_top_bar":"","ocean_shortcode_after_top_bar":"","ocean_shortcode_before_header":"","ocean_shortcode_after_header":"","ocean_has_shortcode":"","ocean_shortcode_after_title":"","ocean_shortcode_before_footer_widgets":"","ocean_shortcode_after_footer_widgets":"","ocean_shortcode_before_footer_bottom":"","ocean_shortcode_after_footer_bottom":"","ocean_display_top_bar":"default","ocean_display_header":"default","ocean_header_style":"","ocean_center_header_left_menu":"0","ocean_custom_header_template":"0","ocean_custom_logo":0,"ocean_custom_retina_logo":0,"ocean_custom_logo_max_width":0,"ocean_custom_logo_tablet_max_width":0,"ocean_custom_logo_mobile_max_width":0,"ocean_custom_logo_max_height":0,"ocean_custom_logo_tablet_max_height":0,"ocean_custom_logo_mobile_max_height":0,"ocean_header_custom_menu":"0","ocean_menu_typo_font_family":"0","ocean_menu_typo_font_subset":"","ocean_menu_typo_font_size":0,"ocean_menu_typo_font_size_tablet":0,"ocean_menu_typo_font_size_mobile":0,"ocean_menu_typo_font_size_unit":"px","ocean_menu_typo_font_weight":"","ocean_menu_typo_font_weight_tablet":"","ocean_menu_typo_font_weight_mobile":"","ocean_menu_typo_transform":"","ocean_menu_typo_transform_tablet":"","ocean_menu_typo_transform_mobile":"","ocean_menu_typo_line_height":0,"ocean_menu_typo_line_height_tablet":0,"ocean_menu_typo_line_height_mobile":0,"ocean_menu_typo_line_height_unit":"","ocean_menu_typo_spacing":0,"ocean_menu_typo_spacing_tablet":0,"ocean_menu_typo_spacing_mobile":0,"ocean_menu_typo_spacing_unit":"","ocean_menu_link_color":"","ocean_menu_link_color_hover":"","ocean_menu_link_color_active":"","ocean_menu_link_background":"","ocean_menu_link_hover_background":"","ocean_menu_link_active_background":"","ocean_menu_social_links_bg":"","ocean_menu_social_hover_links_bg":"","ocean_menu_social_links_color":"","ocean_menu_social_hover_links_color":"","ocean_disable_title":"default","ocean_disable_heading":"default","ocean_post_title":"","ocean_post_subheading":"","ocean_post_title_style":"","ocean_post_title_background_color":"","ocean_post_title_background":0,"ocean_post_title_bg_image_position":"","ocean_post_title_bg_image_attachment":"","ocean_post_title_bg_image_repeat":"","ocean_post_title_bg_image_size":"","ocean_post_title_height":0,"ocean_post_title_bg_overlay":0.5,"ocean_post_title_bg_overlay_color":"","ocean_disable_breadcrumbs":"default","ocean_breadcrumbs_color":"","ocean_breadcrumbs_separator_color":"","ocean_breadcrumbs_links_color":"","ocean_breadcrumbs_links_hover_color":"","ocean_display_footer_widgets":"default","ocean_display_footer_bottom":"default","ocean_custom_footer_template":"0","ocean_post_oembed":"","ocean_post_self_hosted_media":"","ocean_post_video_embed":"","ocean_link_format":"","ocean_link_format_target":"self","ocean_quote_format":"","ocean_quote_format_link":"post","ocean_gallery_link_images":"off","ocean_gallery_id":[],"footnotes":""},"categories":[4,13],"tags":[],"class_list":["post-1176","post","type-post","status-publish","format-standard","has-post-thumbnail","hentry","category-visites","category-tous-nos-articles","entry","has-media"],"rttpg_featured_image_url":{"full":["https:\/\/parr78.fr\/Wpress\/wp-content\/uploads\/2019\/09\/zoom_281.jpg",901,576,false],"landscape":["https:\/\/parr78.fr\/Wpress\/wp-content\/uploads\/2019\/09\/zoom_281.jpg",901,576,false],"portraits":["https:\/\/parr78.fr\/Wpress\/wp-content\/uploads\/2019\/09\/zoom_281.jpg",901,576,false],"thumbnail":["https:\/\/parr78.fr\/Wpress\/wp-content\/uploads\/2019\/09\/zoom_281-150x150.jpg",150,150,true],"medium":["https:\/\/parr78.fr\/Wpress\/wp-content\/uploads\/2019\/09\/zoom_281-300x192.jpg",300,192,true],"large":["https:\/\/parr78.fr\/Wpress\/wp-content\/uploads\/2019\/09\/zoom_281.jpg",901,576,false],"1536x1536":["https:\/\/parr78.fr\/Wpress\/wp-content\/uploads\/2019\/09\/zoom_281.jpg",901,576,false],"2048x2048":["https:\/\/parr78.fr\/Wpress\/wp-content\/uploads\/2019\/09\/zoom_281.jpg",901,576,false],"ocean-thumb-m":["https:\/\/parr78.fr\/Wpress\/wp-content\/uploads\/2019\/09\/zoom_281.jpg",600,384,false],"ocean-thumb-ml":["https:\/\/parr78.fr\/Wpress\/wp-content\/uploads\/2019\/09\/zoom_281.jpg",704,450,false],"ocean-thumb-l":["https:\/\/parr78.fr\/Wpress\/wp-content\/uploads\/2019\/09\/zoom_281.jpg",901,576,false]},"rttpg_author":{"display_name":"christian","author_link":"https:\/\/parr78.fr\/Wpress\/author\/christian\/"},"rttpg_comment":0,"rttpg_category":"<a href=\"https:\/\/parr78.fr\/Wpress\/category\/visites\/\" rel=\"category tag\">2 - Visites<\/a> <a href=\"https:\/\/parr78.fr\/Wpress\/category\/tous-nos-articles\/\" rel=\"category tag\">Retrouvez ici, la totalit\u00e9 de nos articles<\/a>","rttpg_excerpt":"Le 18 octobre une vingtaine d&rsquo;adh\u00e9rents de PARR se sont retrouv\u00e9s au Caf\u00e9 Le Gaulois pour un caf\u00e9 aimablement offert par la Soci\u00e9t\u00e9 historique de Saint-Arnoult en pr\u00e9alable \u00e0 la visite de l&rsquo;\u00e9glise sous la conduite de Mme Houssinot. Elle nous a d&rsquo;abord rappel\u00e9 l&rsquo;histoire d&rsquo; Arnoul que nous ne reprendrons pas ici puisque le\u2026","_links":{"self":[{"href":"https:\/\/parr78.fr\/Wpress\/wp-json\/wp\/v2\/posts\/1176","targetHints":{"allow":["GET"]}}],"collection":[{"href":"https:\/\/parr78.fr\/Wpress\/wp-json\/wp\/v2\/posts"}],"about":[{"href":"https:\/\/parr78.fr\/Wpress\/wp-json\/wp\/v2\/types\/post"}],"author":[{"embeddable":true,"href":"https:\/\/parr78.fr\/Wpress\/wp-json\/wp\/v2\/users\/1"}],"replies":[{"embeddable":true,"href":"https:\/\/parr78.fr\/Wpress\/wp-json\/wp\/v2\/comments?post=1176"}],"version-history":[{"count":10,"href":"https:\/\/parr78.fr\/Wpress\/wp-json\/wp\/v2\/posts\/1176\/revisions"}],"predecessor-version":[{"id":1376,"href":"https:\/\/parr78.fr\/Wpress\/wp-json\/wp\/v2\/posts\/1176\/revisions\/1376"}],"wp:featuredmedia":[{"embeddable":true,"href":"https:\/\/parr78.fr\/Wpress\/wp-json\/wp\/v2\/media\/1177"}],"wp:attachment":[{"href":"https:\/\/parr78.fr\/Wpress\/wp-json\/wp\/v2\/media?parent=1176"}],"wp:term":[{"taxonomy":"category","embeddable":true,"href":"https:\/\/parr78.fr\/Wpress\/wp-json\/wp\/v2\/categories?post=1176"},{"taxonomy":"post_tag","embeddable":true,"href":"https:\/\/parr78.fr\/Wpress\/wp-json\/wp\/v2\/tags?post=1176"}],"curies":[{"name":"wp","href":"https:\/\/api.w.org\/{rel}","templated":true}]}}